{"provider_url": "https://www.imbuia.sc.leg.br", "title": "41\u00aa Sess\u00e3o Ordin\u00e1ria (21.12.2022)", "html": "<p>\u00a0</p>\r\n<p>A C\u00e2mara Municipal de Imbuia realizou nesta segunda-feira (19), a quadrag\u00e9sima primeira Sess\u00e3o Ordin\u00e1ria do ano de 2022.</p>\r\n<p>ORDEM DO DIA</p>\r\n<p>2\u00aa DISCUSS\u00c3O E VOTA\u00c7\u00c3O DO <b>PROJETO DE LEI N\u00ba 35/2022</b> \u2013 Disp\u00f5e sobre o or\u00e7amento do Munic\u00edpio de Imbuia para o exerc\u00edcio de 2023 e d\u00e1 outras providencias. <b>Aprovado por unanimidade.</b><b></b></p>\r\n<p>\u00a0</p>\r\n<p>ELEI\u00c7\u00c3O DA MESA DIRETO</p>\r\n<p>Seguindo o Regimento Internos os Vereadores votaram por escrut\u00ednio aberto e elegeram de forma un\u00e2nime a seguinte composi\u00e7\u00e3o de Mesa Diretora para o ano de 2023:</p>\r\n<p>Presidente: Vereador Ezair Erhardt.</p>\r\n<p>Vice-Presidente: Vereador Leonir Pedro Braun.</p>\r\n<p>01\u00ba Secret\u00e1rio: Vereadora Ketrin Priscila Sell.</p>\r\n<p>02\u00ba Secret\u00e1rio: Vereadora Giani Ferreira da Silva.</p>\r\n<p>EXPLICA\u00c7\u00d5ES PESSOAIS</p>\r\n<p><b>Vereador Leonir Pedro Braun (PODEMOS) </b>deixa uma mensagem de natal aos imbuienses. Destacando ser o momento de confraternizar pela expectativa de um novo ano e novas realiza\u00e7\u00f5es. Desejando votos de paz, uni\u00e3o e solidariedade. E principalmente amor para que haja dias de felicidade. E ressalta que as festas natalinas sejam tempos de fraternidade expressando o desejo de feliz natal e feliz ano novo.</p>\r\n<p><b>Vereadora Aldori Rengel (MDB) </b>agradeceu a deputados por entregas de implementos. Deputado Jerry Comper e Deputado Peninha, Deputado Z\u00e9 Milton, Deputado Chiodini e Deputada Dirce.</p>\r\n<p>Comenta sobre o fim de carreira para o Deputado Peninha que abre vaga para o Deputado Rafael. Agradece e deseja que o novo deputado fa\u00e7a como o anterior olhe para a regi\u00e3o.</p>\r\n<p>E deseja um Feliz Natal e Feliz 2023 a todos.</p>\r\n<p>\u00a0</p>\r\n<p><b>Vereador Altair Rengel (PP) </b>agrade a Deus a sa\u00fade para poder participar desta C\u00e2mara. E deseja sa\u00fade a todos. E feliz natal e feliz ano novo.</p>\r\n<p>\u00a0</p>\r\n<p><b>Vereadora Giani Ferreira da Silva (PP) </b>agradece e parabeniza os corredores de Velocros Alex o Borracha, e Iuri o Borrachinha, por participar de evento de entrega de t\u00edtulos. Alex teve dois t\u00edtulos de Campe\u00e3o da Supercopa e vice campe\u00e3o em duas categorias. Al\u00e9m de tr\u00eas t\u00edtulos na copa serrana. E Iuri teve um t\u00edtulo de campe\u00e3o na Supercopa e um vice na Copa Serrana. Sendo em 2022 mais de cinquenta trof\u00e9us e representado o munic\u00edpio em v\u00e1rias cidades de Santa Catarina.</p>\r\n<p>Deseja Feliz Natal e ano novo aben\u00e7oado de sa\u00fade.</p>\r\n<p><b>Vereador Ezair Erhardt (MDB) </b>agradece a confian\u00e7a de todos para ser o Presidente no pr\u00f3ximo ano. E da mesma forma pede ajuda de todos para trabalharem juntos em prol do munic\u00edpio.</p>\r\n<p><b>Vereador Jorge Luiz Sardo (MDB) </b>agradece pela vida e pelo ano que passou. Agradece aos colegas Vereadores que foram colegas neste ano que passou. E desculpa se deixou algu\u00e9m descontente. E espera ter contribu\u00eddo no tempo em que esteve na Presid\u00eancia da Casa. Pois sempre buscou melhorar a vida das pessoas.</p>\r\n<p>Agradece aos Servidores da Casa pelo apoio durante o ano. Parabeniza o Servidor Daniel pela divulga\u00e7\u00e3o dos trabalhos da casa. A Contadora pelo controle de gastos e responsabilidade.</p>\r\n<p>Agradece a Administra\u00e7\u00e3o Municipal que sempre atendeu aos pedidos.</p>\r\n<p>Agradeceu a fam\u00edlia que apoia mesmo muitas vezes ficando de lado para participar de Reuni\u00f5es, Cursos e Assembleias.</p>\r\n<p>Deseja um Feliz Natal e uma novo de muitas realiza\u00e7\u00f5es. Que possamos cobrar dos Deputados para que se torne um lugar melhor de morar. E assim deseja um Feliz 2023 a todos mun\u00edcipes.</p>\r\n<p>Ao encerramento o Senhor Presidente marcou a Pr\u00f3xima Sess\u00e3o Ordin\u00e1ria para o dia 06 de fevereiro as 19:00horas.</p>\r\n<p>Acesse a integra da Sess\u00e3o <a href=\"https://www.youtube.com/watch?v=JRtHMYRQEX4\">aqui</a></p>\r\n<p>Curta e siga a P\u00e1gina da C\u00e2mara assim saber\u00e1 tudo que o ocorre no legislativo do Munic\u00edpio.</p>\r\n<p>\u00a0</p>\r\n<p>\u00a0</p>\r\n<p>\u00a0</p>", "author_name": "", "version": "1.0", "author_url": "https://www.imbuia.sc.leg.br/author/imb", "provider_name": "C\u00e2mara de Vereadores de Imbuia", "type": "rich"}