{"provider_url": "https://www.imbuia.sc.leg.br", "title": "37\u00aa Sess\u00e3o Ordin\u00e1ria", "html": "<p>\u00a0</p>\r\n<p>A C\u00e2mara Municipal de Imbuia realizou nesta segunda-feira (21), a trig\u00e9sima s\u00e9tima Sess\u00e3o Ordin\u00e1ria do ano de 2022.</p>\r\n<p>EXPEDIENTE</p>\r\n<p>Foi realizada a leitura das seguintes Mat\u00e9rias Legislativas:</p>\r\n<p><b>PROJETO DE LEI N\u00ba 35/2022</b> \u2013 Disp\u00f5e sobre o Or\u00e7amento do Munic\u00edpio de Imbuia para o Exerc\u00edcio de 2023 e d\u00e1 outras provid\u00eancias.</p>\r\n<p><b>PROJETO DE LEI N\u00ba 36/2022</b> \u2013 Autoriza o Poder Executivo a realizar despesas com a XIII Festa Estadual do Milho Verde \u2013 FEMIVE.</p>\r\n<p><b>PROJETO DE RESOLU\u00c7\u00c3O N\u00ba 09/2022</b> \u2013 Autoria: Mesa Diretora =&gt; Autoriza a participa\u00e7\u00e3o de Vereadores e Servidores no Congresso Estadual de Vereadores, a realizar-se entre os dias 06 a 09 de dezembro de 2022, em Florian\u00f3polis \u2013 SC, evento promovido pela Uni\u00e3o de Vereadores de Santa Catarina \u2013 UVESC.</p>\r\n<p><b>INDICA\u00c7\u00c3O N\u00ba 30/2022</b> \u2013 Autoria: Vereador Idamar Heemann =&gt; Sugere ao Executivo Municipal, a disponibiliza\u00e7\u00e3o de um ve\u00edculo para uso da equipe administrativa e pedag\u00f3gica da Escola Municipal Professora Umbelina Lorenzi</p>\r\n<p><b>INDICA\u00c7\u00c3O N\u00ba 31/2022</b> \u2013 Autoria: Vereador Idamar Heemann =&gt; Sugere ao Executivo Municipal, colocar em pr\u00e1tica a arboriza\u00e7\u00e3o do per\u00edmetro urbano de nosso Munic\u00edpio, conforme disposi\u00e7\u00e3o contida no art. 34 da Lei Complementar n\u00ba 112/2021 (Plano Diretor Participativo de Imbuia).</p>\r\n<p><b>INDICA\u00c7\u00c3O N\u00ba 32/2022</b> \u2013 Autoria: Vereador Idamar Heemann =&gt; Sugere ao Executivo Municipal, que seja efetuada uma revitaliza\u00e7\u00e3o da Pra\u00e7a da Raiz, em especial na melhoria e amplia\u00e7\u00e3o do parquinho para as crian\u00e7as, bem como, melhoria na seguran\u00e7a do local com a coloca\u00e7\u00e3o de uma tela de prote\u00e7\u00e3o as margens da Rodovia SC 281.</p>\r\n<p><b>INDICA\u00c7\u00c3O N\u00ba 33/2022</b> \u2013 Autoria: Vereador Leonir Pedro Braun =&gt; Sugere ao Executivo Municipal, que seja efetuada uma extens\u00e3o da rede de ilumina\u00e7\u00e3o p\u00fablica na rua Frei S\u00edlvio at\u00e9 a Tifa dos Tom\u00e9.</p>\r\n<p>\u00a0</p>\r\n<p>ORDEM DO DIA</p>\r\n<p>1\u00aa DISCUSS\u00c3O E VOTA\u00c7\u00c3O DO PROJETO DE LEI COMPLEMENTAR N\u00ba 11/2022 \u2013 Estingue quando vagar os cargos de Auxiliar de Servi\u00e7os Gerais/Servente e Auxiliar de Estado de Santa Catarina C\u00e2mara de Vereadores de Imbuia Estado de Santa Catarina C\u00e2mara de Vereadores de Imbuia Servi\u00e7os Gerais \u2013 Trabalhador Bra\u00e7al, alterando a Lei Complementar n\u00ba 12, de 28 de setembro de 2022. <b>Aprovado por maioria. Favor\u00e1vel: Ant\u00f4nio Truppel, Ezair Erhardt, Giane Ferreira da Silva, Jorge Luiz Sardo e Leonir Pedro Braun. Contr\u00e1rio: Ademildo Pereira, Aldori Rengel, Idamar Heemann e Ketrin Priscila Sell. \u00a0</b><b></b></p>\r\n<p>1\u00aa DISCUSS\u00c3O E VOTA\u00c7\u00c3O DO <b>PROJETO DE LEI N\u00ba 32/2022</b> \u2013 Autoriza o Poder executivo Municipal a anular e a Suplementar dota\u00e7\u00f5es or\u00e7ament\u00e1rias, e d\u00e1 outras provid\u00eancias. <b>Aprovado por unanimidade.</b><b></b></p>\r\n<p>DISCUSS\u00c3O E VOTA\u00c7\u00c3O DO <b>PROJETO DE RESOLU\u00c7\u00c3O N\u00ba 09/2022</b> \u2013 Autoria: Mesa Diretora =&gt; Autoriza a participa\u00e7\u00e3o de Vereadores e Servidores no Congresso Estadual de Vereadores, a realizar-se entre os dias 06 a 09 de dezembro de 2022, em Florian\u00f3polis \u2013 SC, evento promovido pela Uni\u00e3o de Vereadores de Santa Catarina \u2013 UVESC. <b>Aprovado por unanimidade.</b></p>\r\n<p>\u00a0</p>\r\n<p>EXPLICA\u00c7\u00d5ES PESSOAIS</p>\r\n<p><b>Vereador Idamar Heemann (PP) </b>explica sobre a Indica\u00e7\u00e3o n\u00ba 30 que a fez observando que os funcion\u00e1rios da Escola precisam se deslocar para diverso \u00f3rg\u00e3os, ir no comercio e Prefeitura, e o fazem com carros particulares. O que considera injusto. Assim que tivesse um ve\u00edculo para o administrativo da Escola.</p>\r\n<p>Sobre a Indica\u00e7\u00e3o 31 que solicita a arboriza\u00e7\u00e3o do munic\u00edpio que o deixaria mais bonito, com mais sombras. Lembrando que atendendo as legisla\u00e7\u00f5es e de forma adequada.</p>\r\n<p>A Indica\u00e7\u00e3o 32 que a revitaliza\u00e7\u00e3o da Pra\u00e7a da Raiz \u00e9 uma demanda da popula\u00e7\u00e3o. Melhorando a pra\u00e7a e tamb\u00e9m a seguran\u00e7a dela com a tela.</p>\r\n<p>Comenta sobre a Participa\u00e7\u00e3o na Assembleia da UCAVI em Laurentino. Onde representaram o munic\u00edpio e se destacando como o munic\u00edpio com maior n\u00famero de Vereadores presentes.</p>\r\n<p>\u00a0</p>\r\n<p><b>Vereador Leonir Pedro Braun (PODEMOS) </b>comenta a Indica\u00e7\u00e3o n\u00ba33 referente a extens\u00e3o da rede de energia ate a \u201ctifa dos tom\u00e9\u201d. Destacando a melhoria na imagem do munic\u00edpio e o aumento de seguran\u00e7a de quem transita naquela regi\u00e3o.</p>\r\n<p>Comentando sobre a Indica\u00e7\u00e3o sobre a pra\u00e7a da raiz ai j\u00e1 esta sendo licitado um alambrado e a melhorias dos brinquedos. Uma reivindica\u00e7\u00e3o de v\u00e1rios Vereadores e uma necessidade em vista a chegada do Ver\u00e3o.</p>\r\n<p>Parabeniza o Executivo pelo retorno das atividades do Projeto Jos\u00e9 Schlickmann, destacando ser o mais justo o investimento em talentos. E uma garantia do sucesso e da continuidade da cultura e tradi\u00e7\u00e3o no munic\u00edpio.</p>\r\n<p>Solicita oficio ao Executivo Municipal para assim que aprovado o gasto que desde j\u00e1 providencies os folders para que as realezas possam estar entregando em munic\u00edpios vizinhos. E que como em 2022 faz se 30 anos da 01\u00aa Femive que nessa pr\u00f3xima edi\u00e7\u00e3o seja lembrada a 01\u00aa realizada em 1992 pelo ent\u00e3o Prefeito Nelson Scheidt.</p>\r\n<p>\u00a0</p>\r\n<p><b>Vereador Aldori Rengel (MDB) </b>solicita aten\u00e7\u00e3o do Executivo referente a um pedido para que seja implantada ilumina\u00e7\u00e3o p\u00fablica em ponto da rodovia que passa pela Nova Alemanha. E da mesma forma a troca de l\u00e2mpadas que ainda n\u00e3o foi realizada.</p>\r\n<p>Segue comenta sobre a altera\u00e7\u00e3o da data do final do Campeonato Municipal de Futsal (dia 03 para dia 10) que atrapalha assim a realiza\u00e7\u00e3o de outro evento programado para o dia 10. Pede aten\u00e7\u00e3o do Executivo para esclarecer a popula\u00e7\u00e3o a altera\u00e7\u00e3o da data pois esta havendo questionamentos.</p>\r\n<p>Ao encerramento o Senhor Presidente marcou a Pr\u00f3xima Sess\u00e3o Ordin\u00e1ria para o dia 28 de novembro as 19:00horas.</p>\r\n<p>Acesse a integra da Sess\u00e3o <a href=\"https://www.youtube.com/watch?v=5LbyOP-GqPU\">aqui</a></p>\r\n<p>Curta e siga a P\u00e1gina da C\u00e2mara assim saber\u00e1 tudo que o ocorre no legislativo do Munic\u00edpio.</p>\r\n<p>\u00a0</p>", "author_name": "", "version": "1.0", "author_url": "https://www.imbuia.sc.leg.br/author/imb", "provider_name": "C\u00e2mara de Vereadores de Imbuia", "type": "rich"}