{"provider_url": "https://www.imbuia.sc.leg.br", "title": "36\u00aa Sess\u00e3o Ordin\u00e1ria (14.11.2022)", "html": "<p>\u00a0</p>\r\n<p>A C\u00e2mara Municipal de Imbuia realizou nesta segunda-feira (14), a trig\u00e9sima sexta Sess\u00e3o Ordin\u00e1ria do ano de 2022.</p>\r\n<p>EXPEDIENTE</p>\r\n<p>Foi realizada a leitura das seguintes Mat\u00e9rias Legislativas:</p>\r\n<p><b>PROJETO DE LEI N\u00ba 34/2022</b> \u2013 Autoria: Vereador Idamar Heemann =&gt; Permite que o exerc\u00edcio do mandato de vereador no Munic\u00edpio de Imbuia seja efetuado de forma volunt\u00e1ria, sem o recebimento integral ou parcial do subs\u00eddio, por op\u00e7\u00e3o formal do ocupante do cargo.</p>\r\n<p><b>\u00a0INDICA\u00c7\u00c3O N\u00ba 28/2022</b> \u2013 Autoria: Vereador Idamar Heemann =&gt; Sugere ao Executivo Municipal, que busque viabilizar junto ao Procon/SC a instala\u00e7\u00e3o de uma unidade de atendimento no Munic\u00edpio de Imbuia.</p>\r\n<p><b>INDICA\u00c7\u00c3O N\u00ba 29/2022</b> \u2013 Autoria: Vereador Leonir Pedro Braun =&gt; Sugere ao Executivo Municipal, a implanta\u00e7\u00e3o de uma lombada f\u00edsica na Rua Celso Ramos, nas imedia\u00e7\u00f5es da resid\u00eancia do Sr. Adirso Scheidt.</p>\r\n<p>MOMENTO DA PRESID\u00caNCIA</p>\r\n<p><b>O Vereador Presidente Jorge Luiz Sardo (MDB) </b>convida a participar da Assembleia da UCAVI com palestra da CIDASC sobre produ\u00e7\u00e3o de leite, estendendo para al\u00e9m dos Vereadores, Secretario da Agricultura e produtores interessados.</p>\r\n<p>Convida a todos homens a participar da Palestra de Novembro Azul sobre sa\u00fade do homem a realizar-se no dia 30 na C\u00e2mara de Vereadores. O Palestrante ser\u00e1 o Doutor Pablo Funghetto.</p>\r\n<p>EXPLICA\u00c7\u00d5ES PESSOAIS</p>\r\n<p><b>Vereador Idamar Heemann (PP) </b>Sobre o Projeto de Vereador Voluntario, da qual apresentou. Onde Voluntario significa que n\u00e3o receberia subs\u00eddio durante o exerc\u00edcio do mandato. N\u00e3o sendo obrigat\u00f3rio aonde o interessado poder\u00e1 fazer a op\u00e7\u00e3o. Destaca que j\u00e1 h\u00e1 munic\u00edpios na regi\u00e3o que j\u00e1 praticam e onde j\u00e1 houve interessados, mas que n\u00e3o o fizeram pela quest\u00e3o do pagamento do Imposto de Renda sobre valor que veria a doar.</p>\r\n<p>Sobre a Indica\u00e7\u00e3o do PROCON coloca que j\u00e1 foi procurado e aonde recebeu a reclama\u00e7\u00e3o que as pessoas que procuraram o servi\u00e7o em Ituporanga foram mal atendidas. E estando no aqui ser\u00e3o melhor atendidas. Sendo que elas procuram este servi\u00e7os quando lesadas em alguma transa\u00e7\u00e3o comercial. E apresentou o tramite para fazer a implanta\u00e7\u00e3o.</p>\r\n<p>Segue solicita ao Executivo Municipal a implanta\u00e7\u00e3o de lombada na Rodovia, no trevo de acesso a Vista Alegre e Alto Iva\u00ed em dire\u00e7\u00e3o que vai para o Cerealista Nota Dez. Trecho em que os caminh\u00f5es em alta velocidade.</p>\r\n<p>Solicita tamb\u00e9m aten\u00e7\u00e3o na rua Frei Silvio, onde a popula\u00e7\u00e3o sofre muito com a poeira. Ent\u00e3o que a Prefeitura buscasse alguma alternativa para ajudar estes moradores.</p>\r\n<p>\u00a0</p>\r\n<p><b>Vereador Leonir Pedro Braun (PODEMOS) </b>iniciou comentando a respeito da Indica\u00e7\u00e3o n\u00ba29/2022 referente a lombada na Rua Celso Ramos pr\u00f3ximo a resid\u00eancia do senhor Adirso Scheidt. Coloca que \u00e9 um trecho de tr\u00e2nsito de alta velocidade os moradores daquela rua pediram. Destaca que \u00e9 Vereador que mais pediu lombada e que \u00e9 a \u00fanica forma enquanto n\u00e3o mudar a mente dos motoristas. Ressaltando que tamb\u00e9m j\u00e1 pediu a lombada falada pelo Vereador Idamar.</p>\r\n<p>Segue pede oficio de agradecimento ao Deputado Estadual Nazareno Martins pela destina\u00e7\u00e3o de R$400.000,00 para o munic\u00edpio. Sendo R$200.000,00 para reforma e amplia\u00e7\u00e3o da UBS e outros R$200.000,00 para compra de implementos. E ressalta que o partido, assim como todo grupo que administra o munic\u00edpio a busca \u00e9 para melhorar a vida do povo.</p>\r\n<p>Parabeniza a Secretaria da Sa\u00fade Andreza Kreusch por fazer a palestra de novembro Azul. Destacando que se diagnosticado no in\u00edcio \u00e9 mais f\u00e1cil a cura. Ressaltando esses eventos para orienta\u00e7\u00e3o da popula\u00e7\u00e3o.</p>\r\n<p>\u00a0</p>\r\n<p><b>Vereador Ademildo Pereira (PP) </b>agradece a oportunidade para estar assumindo de Vereador. Ressaltando que muitas coisas s\u00f3 acontecem por que os Vereadores v\u00e3o atras.</p>\r\n<p>Ao encerramento o Senhor Presidente marcou a Pr\u00f3xima Sess\u00e3o Ordin\u00e1ria para o dia 21 de novembro as 19:00horas.</p>\r\n<p>Acesse a integra da Sess\u00e3o <a href=\"https://www.youtube.com/watch?v=taqBYzksUP8\">aqui</a></p>\r\n<p>Curta e siga a P\u00e1gina da C\u00e2mara assim saber\u00e1 tudo que o ocorre no legislativo do Munic\u00edpio.</p>\r\n<p>\u00a0</p>", "author_name": "", "version": "1.0", "author_url": "https://www.imbuia.sc.leg.br/author/imb", "provider_name": "C\u00e2mara de Vereadores de Imbuia", "type": "rich"}