{"provider_url": "https://www.imbuia.sc.leg.br", "title": "35\u00aa Sess\u00e3o Ordin\u00e1ria (23.10.23)", "html": "<p>\u00a0</p>\r\n<p>A C\u00e2mara Municipal de Imbuia realizou nesta segunda-feira (23) a trig\u00e9sima quinta Sess\u00e3o ordin\u00e1ria de 2023.</p>\r\n<p>MOMENTO DA PRESID\u00caNCIA</p>\r\n<p><b>Vereador Presidente Ezair Erhardt (MDB) </b>refor\u00e7a a apresenta\u00e7\u00e3o do programa lar legal focado na regulariza\u00e7\u00e3o de registros de terrenos irregulares. E para quem tiver interesse e pode estar procurando o Presidente do Sindicato dos Agricultores Familiares.</p>\r\n<p>Comenta que juntamente com Vereador Jorge esteve instalando durante essa semana os coletores de chepas de cigarro em projeto da Professora Rosana e acredita que com sucesso o Projeto possa estar sendo ampliado.</p>\r\n<p>\u00a0</p>\r\n<p>ORDEM DO DIA</p>\r\n<p>2\u00aa DISCUSS\u00c3O E 2\u00aa VOTA\u00c7\u00c3O DO <b>PROJETO DE LEI COMPLEMENTAR N\u00ba 12/2023</b> \u2013 Autoria: Poder Executivo Municipal =&gt; Altera dispositivos na Lei Complementar n\u00ba133, de 24 de agosto de 2023 (Piso Nacional da Enfermagem) e d\u00e1 outras provid\u00eancias.<b> Aprovado por unanimidade.</b></p>\r\n<p>\u00a0</p>\r\n<p>EXPLICA\u00c7OES PESSOAIS</p>\r\n<p><b>\u00a0</b></p>\r\n<p><b>Vereador Leonir Pedro Braun (Podemos) </b>agradece ao Executivo por entender a import\u00e2ncia do Piso de Enfermagem ajudando essa categoria t\u00e3o importante e que desempenha em nosso munic\u00edpio um excelente trabalho.</p>\r\n<p>Agradece ao Secret\u00e1rio da Agricultura por atender os pedidos que fez para as comunidades de Alto Garraf\u00e3o e Campo das Flores. E agradece ao Secret\u00e1rio de Obras por atender pedidos de Alto Garraf\u00e3o, Bracatinga, Vista Alegre e Campo Azul. Aonde o povo vem atras dos Vereadores para serem atendidos com rapidez e ficam muito alegre quando acontece. Ressaltando os estragos que houve com tempo de chuva.</p>\r\n<p>Ao encerramento o Presidente marcou a Sess\u00e3o Extraordin\u00e1ria para o dia 30 de outubro as 18:30 horas e a pr\u00f3xima Sess\u00e3o Ordin\u00e1ria para o dia seis de novembro as 19 horas.</p>\r\n<p>Acesse a integra da Sess\u00e3o <a href=\"https://www.youtube.com/watch?v=8qXQ14xvfLQ\">aqui: </a></p>\r\n<p>\u00a0</p>\r\n<p>Curta e siga a P\u00e1gina da C\u00e2mara assim saber\u00e1 tudo que o ocorre no legislativo do Munic\u00edpio.</p>\r\n<p>\u00a0</p>\r\n<p>\u00a0</p>", "author_name": "", "version": "1.0", "author_url": "https://www.imbuia.sc.leg.br/author/imb", "provider_name": "C\u00e2mara de Vereadores de Imbuia", "type": "rich"}