{"provider_url": "https://www.imbuia.sc.leg.br", "title": "35\u00aa Sess\u00e3o Ordin\u00e1ria (07.11.2022)", "html": "<p>\u00a0</p>\r\n<p>A C\u00e2mara Municipal de Imbuia realizou nesta segunda-feira (07), a trig\u00e9sima quinta Sess\u00e3o Ordin\u00e1ria do ano de 2022.</p>\r\n<p>IDAMAR HEEMANN E ADEMILDO PEREIRA</p>\r\n<p>Iniciando a Sess\u00e3o e notada a vac\u00e2ncia das cadeiras dos Vereadores Marcio Scheimann e Altar Rengel o senhor Presidente convocou para ocupar os assentos os suplentes Idamar Heemann e Ademildo Pereira.\u00a0</p>\r\n<p>EXPEDIENTE</p>\r\n<p>Foi realizada a leitura das seguintes Mat\u00e9rias Legislativas:</p>\r\n<p><b>PROJETO DE LEI COMPLEMENTAR N\u00ba11/2022</b> \u2013 Extingue quando vagarem os cargos de Auxiliar de Servi\u00e7os Gerais/Servente e Auxiliar de Servi\u00e7os Gerais \u2013 Trabalhador Bra\u00e7al, alterando a Lei Complementar n\u00ba 12, de 28 de setembro de 2003, Estrutura, Quadro de Pessoal e o Plano de Carreira dos Servidores P\u00fablicos Municipais do Munic\u00edpio de Imbuia e d\u00e1 outras provid\u00eancias.</p>\r\n<p>\u00a0</p>\r\n<p>\u00a0</p>\r\n<p>EXPLICA\u00c7\u00d5ES PESSOAIS</p>\r\n<p><b>Vereador Leonir Pedro Braun (PODEMOS) </b>parabenizou o Executivo, Secret\u00e1rios de Agricultura e Sa\u00fade e Agente de Endemias, pela campanha de recolhimento de pneus. Ajudando na preven\u00e7\u00e3o de doen\u00e7as. E parabeniza a toda popula\u00e7\u00e3o que participou, principalmente da campanha de combate ao borrachudo, aplicando formula nas \u00e1guas correntes.</p>\r\n<p>\u00a0Agradece ao Secretario de Obras, Secretario da Agricultura e Prefeito pelo atendimento a pedidos.</p>\r\n<p><b>Vereador Idamar Heemann (PP) </b>agradece ao Executivo em especial Secretaria de Agricultura pela ajuda na parceria com empresa para instala\u00e7\u00e3o de fossas s\u00e9pticas nas propriedades de agricultores. Onde a Prefeitura disponibilizou as maquinas para estar fazendo este trabalho.</p>\r\n<p>Segue comenta sobre o descarte de restos de animais nas proximidades do trevo de acesso ao centro do munic\u00edpio. Assim pede que caso algu\u00e9m presencie o fato que denuncie. Pois \u00e9 uma situa\u00e7\u00e3o desagrad\u00e1vel para quem passa e quem mora ali perto.</p>\r\n<p><b>Vereador Aldori Rengel (MDB) </b>agradece ao Prefeito pelo atendimento a servi\u00e7os pedidos.</p>\r\n<p>Convida a todos a participarem da festa da Capela de Nova Alemanha para festa no pr\u00f3ximo final de semana.</p>\r\n<p>\u00a0Ao encerramento o Senhor Presidente marcou a Pr\u00f3xima Sess\u00e3o Ordin\u00e1ria para o dia 14de novembro as 19:00horas.</p>\r\n<p>Acesse a integra da Sess\u00e3o <a href=\"https://www.youtube.com/watch?v=okZbSEIPaaQ\">aqui</a></p>\r\n<p>Curta e siga a P\u00e1gina da C\u00e2mara assim saber\u00e1 tudo que o ocorre no legislativo do Munic\u00edpio.</p>\r\n<p>\u00a0</p>", "author_name": "", "version": "1.0", "author_url": "https://www.imbuia.sc.leg.br/author/imb", "provider_name": "C\u00e2mara de Vereadores de Imbuia", "type": "rich"}