{"provider_url": "https://www.imbuia.sc.leg.br", "title": "34\u00aa Sess\u00e3o Ordin\u00e1ria (24.10.2022)", "html": "<p>\u00a0</p>\r\n<p>A C\u00e2mara Municipal de Imbuia realizou nesta segunda-feira (24), a trig\u00e9sima quarta Sess\u00e3o Ordin\u00e1ria do ano de 2022.</p>\r\n<p>EXPEDIENTE</p>\r\n<p>Foi realizada a leitura das seguintes Mat\u00e9rias Legislativas:</p>\r\n<p><b>PROJETO DE LEI N\u00ba 33/2022</b> - Que disp\u00f5e sobre as diretrizes para a elabora\u00e7\u00e3o da lei or\u00e7ament\u00e1ria \u2013 2023 e d\u00e1 outras provid\u00eancias. autoria: executivo municipal.</p>\r\n<p>MOMENTO DA PRESID\u00caNCIA</p>\r\n<p><b>Presidente Vereador Jorge Luiz Sardo (MDB) </b>relatou da participa\u00e7\u00e3o no Curso de Imers\u00e3o e Inova\u00e7\u00e3o das C\u00e2mara Municipais com Professora M\u00f4nica Lopes que ocorreu entre os dias 18 e 21 na cidade de Florian\u00f3polis. Destacando os temas como utilizar de forma eficiente o duod\u00e9cimo e constru\u00e7\u00e3o de um poder legislativo verdadeiramente independente. E tamb\u00e9m palestra com Luiz Freitas sobre tecnologias aplicadas ao Processo Legislativo.</p>\r\n<p>Apresenta sobre a visita a ALESC ao Deputado Jerry Comper parabenizando-o pela elei\u00e7\u00e3o e cobras as demandas que ele tem para o munic\u00edpio. Sendo o valor de oitocentos mil reais que ele tem prometido. E uma situa\u00e7\u00e3o as enxurradas que o munic\u00edpio sofre. Ressaltando a preocupa\u00e7\u00e3o dos moradores da Rua Adolfo Mello, principalmente ap\u00f3s a instala\u00e7\u00e3o da galeria na rua David Kammer, que temem sofrer mais. E para tanto j\u00e1 conversou com Executivo que est\u00e1 estudando a melhor forma de agir, seja levantado a ponte da Rua Adolfo Mello ou mexendo na ponte da Rua Jo\u00e3o Raitz.</p>\r\n<p>\u00a0</p>\r\n<p><b>\u00a0</b></p>\r\n<p>\u00a0</p>\r\n<p>EXPLICA\u00c7\u00d5ES PESSOAIS</p>\r\n<p><b>Vereador Eroni Mauerverk (MDB) </b>agradeceu espa\u00e7o para poder atuar na C\u00e2mara. Agradece ao Prefeito pelo atendimento de pedidos e onde ele assumiu que ir\u00e1 concluir o muro na da Escola da comunidade de Campo das Flores.</p>\r\n<p>Comentou sobre a palestra na Assembleia da UCAVI em Tai\u00f3. Tendo como tema a sa\u00fade. E teve participa\u00e7\u00e3o do Deputado Federal Eleito Rafael que agradeceu e deixou o gabinete aberto.</p>\r\n<p><b>Vereador Leonir Pedro Braun (PODEMOS) </b>comenta sobre as Elei\u00e7\u00f5es que ocorrem no pr\u00f3ximo domingo. Pedindo que as pessoas votem com raz\u00e3o e n\u00e3o para tirar algu\u00e9m do poder ou evitar que algu\u00e9m entre no poder e sim o melhor para o pa\u00eds. Ressaltando ser o momento de decidir o que \u00e9 o melhor para o pa\u00eds. E que quem for o vencedor que a popula\u00e7\u00e3o aceite.</p>\r\n<p>\u00a0Ao encerramento o Senhor Presidente marcou a Pr\u00f3xima Sess\u00e3o Ordin\u00e1ria para o dia 07 de novembro as 19:00horas.</p>\r\n<p>Acesse a integra da Sess\u00e3o <a href=\"https://www.youtube.com/watch?v=okZbSEIPaaQ\">aqui</a></p>\r\n<p>Curta e siga a P\u00e1gina da C\u00e2mara assim saber\u00e1 tudo que o ocorre no legislativo do Munic\u00edpio.</p>\r\n<p>\u00a0</p>", "author_name": "", "version": "1.0", "author_url": "https://www.imbuia.sc.leg.br/author/imb", "provider_name": "C\u00e2mara de Vereadores de Imbuia", "type": "rich"}