{"provider_url": "https://www.imbuia.sc.leg.br", "title": "33\u00aa Sess\u00e3o Ordin\u00e1ria (09.10.23)", "html": "<p>\u00a0</p>\r\n<p>A C\u00e2mara Municipal de Imbuia realizou nesta segunda-feira (9) a trig\u00e9sima terceira Sess\u00e3o ordin\u00e1ria de 2023.</p>\r\n<p>EXPEDIENTE</p>\r\n<p><b>PROJETO DE LEI COMPLEMENTAR N\u00ba 12/2023</b> \u2013 Autoria: Poder Executivo Municipal =&gt; Altera dispositivos na Lei Complementar n\u00ba133, de 24 de agosto de 2023 (Piso Nacional da Enfermagem) e d\u00e1 outras provid\u00eancias.</p>\r\n<p><b>PROJETO DE LEI N\u00ba 19/2023</b> \u2013 Autoria: Poder Executivo Municipal =&gt; Altera dispositivos da Lei n\u00ba 1.383, de 8 de julho de 2008, que disp\u00f5e sobre a Pol\u00edtica Municipal de Saneamento B\u00e1sico, cria o Conselho Municipal de Saneamento e o Fundo Municipal de Saneamento B\u00e1sico e d\u00e1 outras provid\u00eancias.</p>\r\n<p><b>PROJETO DE LEI N\u00ba 20/2023</b> \u2013 Autoria: Poder Executivo Municipal =&gt; Regulamenta o Cemit\u00e9rio Municipal de Imbuia, estabelece a tabela de pre\u00e7os p\u00fablicos, disp\u00f5e sobre o Termo de Cess\u00e3o de Uso Oneroso de Jazigo e d\u00e1 outras provid\u00eancias.</p>\r\n<p>\u00a0</p>\r\n<p>\u00a0</p>\r\n<p>EXPLICA\u00c7OES PESSOAIS</p>\r\n<p><b>Vereador Jorge Luiz Sardo (MDB) </b>agradece ao Executivo por ter acatado Indica\u00e7\u00e3o para que seja nomeado o pr\u00f3ximo campeonato de Futebol de Sal\u00e3o de \u201cTa\u00e7a Vereador Adriano da Cunha\u201d.</p>\r\n<p>Agradece tamb\u00e9m ao Executivo pela instala\u00e7\u00e3o de galerias nos munic\u00edpios. E que observado como elas reagiram nesses dias de chuva, mostra que foi um bom investimento. Destacando que foram colocadas no Garraf\u00e3o, Nova Alemanha, na divisa com Campestre e todas foram muito bem. Ainda que havia preocupa\u00e7\u00e3o com o Posto, mas ocorreu tudo bem.</p>\r\n<p>Apresenta ainda solidariedade aos munic\u00edpios vizinhos que sofrem com as enchentes, observado a preocupa\u00e7\u00e3o principalmente dos Vereadores que tem contato.</p>\r\n<p>Agradece a presen\u00e7a dos alunos do EJA.</p>\r\n<p>Convida a todos para festa de Nossa Senhora Aparecida da comunidade de Garraf\u00e3o no pr\u00f3ximo dia 12.</p>\r\n<p>E concluindo pedindo aten\u00e7\u00e3o do Executivo ainda para que seja encaminhado o quanto antes Projeto que tratas das margens dos Rios, pois h\u00e1 cobran\u00e7a por parte da popula\u00e7\u00e3o. E mesmo com v\u00e1rios projetos que trancam pauta neste final de ano os Vereadores v\u00e3o estudar e aprovar o que com maior celeridade poss\u00edvel.</p>\r\n<p><b>Vereador Leonir Pedro Braun (PODEMOS) </b>agradece ao Executivo Municipal, Secretaria de Obras e Agricultura pelo atendimento de pedidos.</p>\r\n<p>Convida a todos a prestigiarem a festa de Nossa Senhora Aparecida da Comunidade de Garraf\u00e3o no pr\u00f3ximo dia 12.</p>\r\n<p>Parabeniza a todos Professores pela passagem do seu dia (15) que s\u00e3o os repassadores de conhecimento. Aonde tem que ter o \u201cDom\u201d para saber passar aquilo que sabe. Homenageando assim todos os Professores das redes estadual e municipal.</p>\r\n<p>Ao encerramento o Presidente marcou a Pr\u00f3xima Sess\u00e3o Ordin\u00e1ria para o dia dezesseis de outubro as 19 horas.</p>\r\n<p>Acesse a integra da Sess\u00e3o <a href=\"https://www.youtube.com/watch?v=5uIMCbuZx8Q\">aqui</a>:</p>\r\n<p>Curta e siga a P\u00e1gina da C\u00e2mara assim saber\u00e1 tudo que o ocorre no legislativo do Munic\u00edpio.</p>\r\n<p>\u00a0</p>\r\n<p>\u00a0</p>", "author_name": "", "version": "1.0", "author_url": "https://www.imbuia.sc.leg.br/author/imb", "provider_name": "C\u00e2mara de Vereadores de Imbuia", "type": "rich"}