{"provider_url": "https://www.imbuia.sc.leg.br", "title": "32\u00aa Sess\u00e3o Ordin\u00e1rio (10.10.2022)", "html": "<p>\u00a0</p>\r\n<p>A C\u00e2mara Municipal de Imbuia realizou nesta segunda-feira (10), a trig\u00e9sima segunda Sess\u00e3o Ordin\u00e1ria do ano de 2022.</p>\r\n<p>EXPEDIENTE</p>\r\n<p>Foi realizada a leitura das seguintes Mat\u00e9rias Legislativas:</p>\r\n<p><b>REQUERIMENTO N\u00ba 06/2022</b> \u2013 Autoria: Vereador M\u00e1rcio Scheimann =&gt; Requer informa\u00e7\u00f5es ao Executivo Municipal, por meio de um relat\u00f3rio anal\u00edtico das despesas realizadas pela Secretaria Municipal de Assist\u00eancia Social, no Exerc\u00edcio de 2022.</p>\r\n<p><b>REQUERIMENTO N\u00ba 07/2022</b> \u2013 Autoria: Vereador M\u00e1rcio Scheimann =&gt; Requer licen\u00e7a de 30 (trinta) dias para tratar de assuntos particulares, no per\u00edodo de 1\u00ba a 30 de novembro de 2022.</p>\r\n<p><b>REQUERIMENTO N\u00ba 08/2022</b> \u2013 Autoria: Vereador Altair Rengel =&gt; Requer licen\u00e7a de 30 (trinta) dias para tratar de assuntos particulares, no per\u00edodo de 1\u00ba a 30 de novembro de 2022.</p>\r\n<p><b>PROJETO DE RESOLU\u00c7\u00c3O N\u00ba 08/2022</b> \u2013 Autoria: Mesa Diretora =&gt; Concede licen\u00e7a para tratar de assuntos particulares aos Vereadores M\u00e1rcio Scheimann e Altair Rengel, durante o per\u00edodo de 1\u00ba a 30 de novembro de 2022</p>\r\n<p><b>INDICA\u00c7\u00c3O N\u00ba 24/2022</b> \u2013 Autoria: Vereador Leonir Pedro Braun =&gt; Sugere ao Executivo Municipal, que o mascote \u201cEm\u00edlio\u201d, s\u00edmbolo da Festa Estadual do Milho Verde, esteja presente em todos os eventos oficiais do Munic\u00edpio, bem como, acompanhe as realezas (rainha e princesas da FEMIVE) nos eventos que se fizerem presentes.</p>\r\n<p>\u00a0</p>\r\n<p>ORDEM DO DIA</p>\r\n<p>2\u00aa DISCUSS\u00c3O E VOTA\u00c7\u00c3O DO <b>PROJETO DE LEI N\u00ba 30/2022</b> \u2013 Ratifica as altera\u00e7\u00f5es realizadas no Protocolo de Inten\u00e7\u00f5es consubstanciado no Contrato de Cons\u00f3rcio P\u00fablico da Ag\u00eancia Reguladora Intermunicipal de saneamento (ARIS), e d\u00e1 outras. <b>Aprovado por unanimidade.</b></p>\r\n<p>\u00a02\u00aa DISCUSS\u00c3O E VOTA\u00c7\u00c3O DO <b>PROJETO DE LEI N\u00ba 31/2022</b> \u2013 Autoria: Mesa Diretora =&gt; Disp\u00f5e sobre o remanejamento de cr\u00e9dito suplementar no or\u00e7amento vigente do Poder Legislativo do Munic\u00edpio de Imbuia e d\u00e1 outras provid\u00eancias. <b>Aprovado por unanimidade.</b></p>\r\n<p>1\u00aa DISCUSS\u00c3O E VOTA\u00c7\u00c3O DO <b>PROJETO DE LEI COMPLEMENTAR N\u00ba 09/2022 </b>\u2013 Altera a Lei complementar n\u00ba 12, de 2003, que trata da Estrutura, Quadro de Pessoal e o Plano de Carreira dos Servidores P\u00fablicos Municipais; Altera a Lei Complementar n\u00ba 113, de 2021, que cria os empregos p\u00fablicos de ACS e ACE.<b> Aprovado por maioria.</b><b></b></p>\r\n<p>DISCUSS\u00c3O E VOTA\u00c7\u00c3O DO <b>REQUERIMENTO N\u00ba 06/2022</b> \u2013 Autoria: Vereador M\u00e1rcio Scheimann =&gt; Requer informa\u00e7\u00f5es ao Executivo Municipal, por meio de um relat\u00f3rio anal\u00edtico das despesas realizadas pela Secretaria Municipal de Assist\u00eancia Social, no Exerc\u00edcio de 2022. <b>Aprovado por unanimidade.</b></p>\r\n<p>\u00a0DISCUSS\u00c3O E VOTA\u00c7\u00c3O DO REQUERIMENTO N\u00ba 07/2022 \u2013 Autoria: Vereador M\u00e1rcio Scheimann =&gt; Requer licen\u00e7a de 30 (trinta) dias para tratar de assuntos particulares, no per\u00edodo de 1\u00ba a 30 de novembro de 2022. <b>Aprovado por unanimidade.</b></p>\r\n<p>\u00a0DISCUSS\u00c3O E VOTA\u00c7\u00c3O DO REQUERIMENTO N\u00ba 08/2022 \u2013 Autoria: Vereador Altair Rengel =&gt; Requer licen\u00e7a de 30 (trinta) dias para tratar de assuntos particulares, no per\u00edodo de 1\u00ba a 30 de novembro de 2022.<b> Aprovado por unanimidade.</b></p>\r\n<p>\u00a0DISCUSS\u00c3O E VOTA\u00c7\u00c3O DO PROJETO DE RESOLU\u00c7\u00c3O N\u00ba 08/2022 \u2013 Autoria: Mesa Diretora =&gt; Concede licen\u00e7a para tratar de assuntos particulares aos Vereadores M\u00e1rcio Scheimann e Altair Rengel, durante o per\u00edodo de 1\u00ba a 30 de novembro de 2022.<b> Aprovado por unanimidade.</b><b></b></p>\r\n<p><b>\u00a0</b></p>\r\n<p>\u00a0</p>\r\n<p>EXPLICA\u00c7\u00d5ES PESSOAIS</p>\r\n<p><b>Vereador Leonir Pedro Braun (Podemos) </b>solicitou o envio de of\u00edcio de condol\u00eancias ao representante da Par\u00f3quia de Imbuia, P\u00e1roco Julio C. Hames e a Mitra Diocesana em Rio do Sul, ao Bispo Dom On\u00e9cimo Alberton pelo falecimento do Senhor Henrique Kestring que prestou atividades em nossa comunidade.</p>\r\n<p>Parabenizou a participa\u00e7\u00e3o das Agentes de Sa\u00fade e Epidemias na Sess\u00e3o reivindicando um direito delas.</p>\r\n<p>Justificando a Indica\u00e7\u00e3o apresentada para que o mascote da FEMIVE o \u201cEmilio\u201d participe de eventos ajudando na divulga\u00e7\u00e3o da festa de Imbuia. Que este ano completa 30 anos da 01\u00aa realiza\u00e7\u00e3o.</p>\r\n<p>Em tempo comentou a fala do Vereador Aldori e apresentou que a Diretora d\u00e1 Escola j\u00e1 apresentou reclama\u00e7\u00f5es junto a SED. Que a tinta n\u00e3o \u00e9 a ideal e apresenta o servi\u00e7o realizado como uma \u201cporquidade\u201d.</p>\r\n<p>\u00a0</p>\r\n<p><b>Vereador Aldori Rengel (MDB) </b>comenta de pintura realizada na Escola Estadual Frei Manoel Philippi. Que passa por reforma e pintura. Apresentando que o servi\u00e7o executado de m\u00e1 qualidade. Assim pede que seja encaminhada oficio ao respons\u00e1vel para fiscalizasse. Destacando que o servi\u00e7o feito \u00e9 realmente de m\u00e1 qualidade.</p>\r\n<p>Solicita requerimento que da mesma forma que apresentou o Vereador Marcio, requerimento pedindo as contas de todas as secretarias para saber como est\u00e3o atuando.</p>\r\n<p>Segue solicitou envio de oficio de condol\u00eancias \u00e0 fam\u00edlia de Avelino M\u00eas, morador da comunidade de Alto Iva\u00ed que faleceu nesta data.</p>\r\n<p><b>Vereadora Giani Ferreira da Silva (PP) </b>comenta sobre a campanha m\u00eas outubro rosa em referencia a preven\u00e7\u00e3o e combate ao c\u00e2ncer de mama. Objetivando compartilhar informa\u00e7\u00f5es e facilitar o acesso ao diagn\u00f3stico. Colocando que toda mulher com quarenta anos ou mais deve procurar unidade b\u00e1sica de sa\u00fade e realizar exames de rotina.</p>\r\n<p>No munic\u00edpio h\u00e1 oferta de exames, inclusive em hor\u00e1rio estendido e com palestra no dia 27 de outubro.</p>\r\n<p>Convida a todos a participar da Festa de Nossa Senhora Aparecida na comunidade de Garraf\u00e3o no dia 12 de outubro. Apresentando a programa\u00e7\u00e3o.</p>\r\n<p>E solicita aten\u00e7\u00e3o em uma obra de drenagem no Bairro Jardim Tarum\u00e3 que est\u00e1 incompleto e que apresenta vazamento. Assim solicita que Executivo possa estar concluindo a obra.\u00a0</p>\r\n<p>Ao encerramento o Senhor Presidente marcou a Pr\u00f3xima Sess\u00e3o Ordin\u00e1ria para o dia 17 de outubro as 19:00horas.</p>\r\n<p>Acesse a integra da Sess\u00e3o <a href=\"https://www.youtube.com/watch?v=Glh_vKsCRU0\">aqui</a></p>\r\n<p>Curta e siga a P\u00e1gina da C\u00e2mara assim saber\u00e1 tudo que o ocorre no legislativo do Munic\u00edpio.</p>\r\n<p>\u00a0</p>", "author_name": "", "version": "1.0", "author_url": "https://www.imbuia.sc.leg.br/author/imb", "provider_name": "C\u00e2mara de Vereadores de Imbuia", "type": "rich"}