{"provider_url": "https://www.imbuia.sc.leg.br", "title": "32\u00aa Sess\u00e3o Ordin\u00e1ria (02.10.23)", "html": "<p>\u00a0</p>\r\n<p>A C\u00e2mara Municipal de Imbuia realizou nesta segunda-feira (02) a trig\u00e9sima segunda Sess\u00e3o ordin\u00e1ria de 2023.</p>\r\n<p>EXPEDIENTE</p>\r\n<p><b>INDICA\u00c7\u00c3O N\u00ba 21/2023</b> \u2013 Autoria: Jorge Luiz Sardo =&gt; Sugere ao Executivo Municipal que denomine o pr\u00f3ximo Campeonato Municipal de Futebol de Sal\u00e3o de \u201cTa\u00e7a Vereador Adriano da Cunha\u201d.</p>\r\n<p>MOMENTO DA PRESID\u00caNCIA</p>\r\n<p><b>Vereador Presidente Ezair Erhardt (MDB) </b>agradeceu ao Executivo Municipal pela conclus\u00e3o de galeria na Comunidade de Garraf\u00e3o. Ressaltando ter feito antes de iniciar este tempo de chuva e evitando transtornos aos moradores.</p>\r\n<p>\u00a0</p>\r\n<p>ORDEM DO DIA</p>\r\n<p>02\u00aa DISCUSS\u00c3O E VOTA\u00c7\u00c3O DO <b>PROJETO DE LEI COMPLEMENTAR N\u00ba 11/2023</b> \u2013 Disp\u00f5e sobre a reestrutura\u00e7\u00e3o das remunera\u00e7\u00f5es do quadro de pessoal e plano de carreira dos servidores p\u00fablicos da C\u00e2mara Municipal de Imbuia e estabelece outras provid\u00eancias.<b> Aprovado por unanimidade.</b></p>\r\n<p>EXPLICA\u00c7OES PESSOAIS</p>\r\n<p><b>Vereador Jorge Luiz Sardo (MDB) </b>relatou sobre a recep\u00e7\u00e3o de recursos para o munic\u00edpio, emenda para pavimenta\u00e7\u00e3o das Ruas Evelino Sell, Ant\u00f4nio Allein e Fernando Arnold no valor de 01 milh\u00e3o. Uma retroescavadeira por meio do Deputado Federal Peninha junto com o Rafael e mais quinhentos mil para aquisi\u00e7\u00e3o de um carregador e uma p\u00e1 carregadeira. Tamb\u00e9m se encontra licitada a pavimenta\u00e7\u00e3o de mais cento e poucos metros de pavimenta\u00e7\u00e3o da Estrada da comunidade de Garraf\u00e3o com emenda de duzentos mil do Deputado Estadual Laercio Schuster. Ressaltando assim a import\u00e2ncia dos Deputados para o munic\u00edpio conseguir investir em melhorias, sendo que recebem de Deputados de todos os partidos.</p>\r\n<p>\u00a0\u00a0Comenta da Indica\u00e7\u00e3o para que o pr\u00f3ximo Campeonato de Futebol de Sal\u00e3o seja denominado \u201cTa\u00e7a Vereador Adriano da Cunha\u201d. Apresentando a biografia do homenageado. Destacando carreira pol\u00edtica, sindical e esportiva. Coloca que espera a resposta positiva do Executivo. E conclui agradecendo a presen\u00e7a da fam\u00edlia e de amigos.</p>\r\n<p><b>Vereador Leonir Pedro Braun (PODEMOS) </b>comentou sobre o Conselho Tutelar que \u00e9 um \u00f3rg\u00e3o n\u00e3o judicial respons\u00e1vel pelo cumprimento do Direitos das Crian\u00e7as e Adolescentes. Atendendo queixas, reclama\u00e7\u00f5es e solicita\u00e7\u00f5es de crian\u00e7as e adolescentes, al\u00e9m de orientar e aconselhar as fam\u00edlias do munic\u00edpio e ainda, caso necess\u00e1rio, tomar medidas protetivas.</p>\r\n<p>Parabeniza as cinco conselheiras eleitas para os anos 2024-2027: Juliane Alflen, Graciela Capistrano Ferreira, Nara Rubia Wanboemell Machado, Aline Apolinario e Cicera Valeria Pereira. E tamb\u00e9m as suplentes Daiana Ferreira da Silva, Janille Rachadel Schaffer, Juliana da Silva e Cezonia Boll.</p>\r\n<p>Parabeniza o Vereador Jorge por sua Indica\u00e7\u00e3o, apontando ser uma merecida homenagem por ter sido uma pessoa que sempre esteve perto das pessoas. Sempre trabalhando tanto pelas pessoas do campo e da cidade.</p>\r\n<p>Ao encerramento o Presidente marcou a Pr\u00f3xima Sess\u00e3o Ordin\u00e1ria para o dia 09 de outubro as 19 horas.</p>\r\n<p>Acesse a integra da Sess\u00e3o <a href=\"https://www.youtube.com/watch?v=4dv7e3zU3BE\">aqui</a>:</p>\r\n<p>Curta e siga a P\u00e1gina da C\u00e2mara assim saber\u00e1 tudo que o ocorre no legislativo do Munic\u00edpio.</p>\r\n<p>\u00a0</p>\r\n<p>\u00a0</p>", "author_name": "", "version": "1.0", "author_url": "https://www.imbuia.sc.leg.br/author/imb", "provider_name": "C\u00e2mara de Vereadores de Imbuia", "type": "rich"}