{"provider_url": "https://www.imbuia.sc.leg.br", "title": "31\u00aa Sess\u00e3o Ordin\u00e1ria (03.10.2022)", "html": "<p>\u00a0</p>\r\n<p>A C\u00e2mara Municipal de Imbuia realizou nesta segunda-feira (03), a trig\u00e9sima primeira Sess\u00e3o Ordin\u00e1ria do ano de 2022.</p>\r\n<p>Devido a licen\u00e7a da Vereadora Ketrin Priscila Sell por trinta dias o Vereador Eroni Mauerverk assume a cadeira vaga.</p>\r\n<p>\u00a0</p>\r\n<p>EXPEDIENTE</p>\r\n<p>Foi realizada a leitura das seguintes Mat\u00e9rias Legislativas:</p>\r\n<p>LEITURA DO PROJETO DE LEI COMPLEMENTAR N\u00ba 10/2022 \u2013 Estatuto dos Servidores P\u00fablicos Municipais de Imbuia.</p>\r\n<p>LEITURA DO PROJETO DE RESOLU\u00c7\u00c3O N\u00ba 07/2022 \u2013 Autoria: Mesa Diretora. Autoriza a participa\u00e7\u00e3o de Vereadores e Servidores no curso de Moderniza\u00e7\u00e3o das C\u00e2maras Municipais a realizar-se entre os dias 18 a 21 de outubro de 2022 na cidade de Florian\u00f3polis- SC, promovido pelo Centro de Estudos da Administra\u00e7\u00e3o P\u00fablica \u2013 CEAP Brasil e Uni\u00e3o de Vereadores de Santa Catarina \u2013 UVESC.</p>\r\n<p>\u00a0</p>\r\n<p>\u00a0</p>\r\n<p>ORDEM DO DIA</p>\r\n<p>1\u00aa DISCUSS\u00c3O E VOTA\u00c7\u00c3O DO PROJETO DE LEI N\u00ba 30/2022 \u2013 Ratifica as altera\u00e7\u00f5es realizadas no Protocolo de Inten\u00e7\u00f5es consubstanciado no Contrato de Cons\u00f3rcio P\u00fablico da Ag\u00eancia Reguladora Intermunicipal de saneamento (ARIS), e d\u00e1 outras. <b>Aprovado por unanimidade.</b><b></b></p>\r\n<p>1\u00aa DISCUSS\u00c3O E VOTA\u00c7\u00c3O DO PROJETO DE LEI N\u00ba 31/2022 \u2013 Autoria: Mesa Diretora =&gt; Disp\u00f5e sobre o remanejamento de cr\u00e9dito suplementar no or\u00e7amento vigente do Poder Legislativo do Munic\u00edpio de Imbuia e d\u00e1 outras provid\u00eancias. <b>Aprovado por Unanimidade.</b><b></b></p>\r\n<p>DISCUSS\u00c3O E VOTA\u00c7\u00c3O DO PROJETO DE RESOLU\u00c7\u00c3O N\u00ba 07/2022 \u2013 Autoria: Mesa Diretora =&gt; Autoriza a participa\u00e7\u00e3o de Vereadores e Servidores no curso de Moderniza\u00e7\u00e3o das C\u00e2maras Municipais a realizar-se entre os dias 18 a 21 de outubro de 2022 na cidade de Florian\u00f3polis- SC, promovido pelo Centro de Estudos da Administra\u00e7\u00e3o P\u00fablica \u2013 CEAP Brasil e Uni\u00e3o de Vereadores de Santa Catarina \u2013 UVESC.<b> Aprovado por Unanimidade.</b></p>\r\n<p>\u00a0</p>\r\n<p>EXPLICA\u00c7\u00d5ES PESSOAIS</p>\r\n<p><b>Vereador Leonir Pedro Braun (Podemos) </b>comentou sobre as elei\u00e7\u00f5es, sendo que ap\u00f3s elas consolida-se a vontade da popula\u00e7\u00e3o que elegeu Deputados Federais e Deputados Estaduais. Tendo certeza que os novos Deputados far\u00e3o um excelente trabalho. Esperando que eles busquem ajudar os munic\u00edpios. Refor\u00e7ando o papel do Vereador em buscar votos para seguinte ir l\u00e1 atras de recursos. Coloca que haver\u00e1 segundo turno para governador e presidente. E espera que a popula\u00e7\u00e3o possa buscar o orgulho nos representantes pol\u00edticos inv\u00e9s da vergonha.</p>\r\n<p>\u00a0</p>\r\n<p><b>Vereador Aldori Rengel (Podemos) </b>comenta sobre fala da semana anterior onde comentou sobre estradas do Alto Iva\u00ed e Chapad\u00e3o Unida. Aonde j\u00e1 havia iniciado as melhorias na comunidade de Alto Iva\u00ed. Ficando o agradecimento ao Executivo. E nesta semana realizam as a\u00e7\u00f5es na estrada de Chapad\u00e3o Unida.</p>\r\n<p>Solicita ao Executivo que desse aten\u00e7\u00e3o a ilumina\u00e7\u00e3o p\u00fablica na comunidade de Nova Alemanha onde se apresentam v\u00e1rias l\u00e2mpadas queimadas.</p>\r\n<p>Comenta sobre as elei\u00e7\u00f5es dando os parab\u00e9ns a todos Deputados Federais e Estaduais eleitos. Aonde v\u00ea que o Alto Vale e principalmente tem muito a ganhar com a elei\u00e7\u00e3o deles.</p>\r\n<p>\u00a0</p>\r\n<p>Ao encerramento o Senhor Presidente marcou a Pr\u00f3xima Sess\u00e3o Ordin\u00e1ria para o dia 10 de outubro as 19:00horas.</p>\r\n<p>Acesse a integra da Sess\u00e3o <a href=\"https://www.youtube.com/watch?v=g2qr8pe2zxo\">aqui</a></p>\r\n<p>Curta e siga a P\u00e1gina da C\u00e2mara assim saber\u00e1 tudo que o ocorre no legislativo do Munic\u00edpio.</p>\r\n<p>\u00a0</p>", "author_name": "", "version": "1.0", "author_url": "https://www.imbuia.sc.leg.br/author/imb", "provider_name": "C\u00e2mara de Vereadores de Imbuia", "type": "rich"}