{"provider_url": "https://www.imbuia.sc.leg.br", "title": "30\u00aa Sess\u00e3o Ordin\u00e1ria (26.09.2022)", "html": "<p>\u00a0</p>\r\n<p>A C\u00e2mara Municipal de Imbuia realizou nesta segunda-feira (26), a trig\u00e9sima Sess\u00e3o Ordin\u00e1ria do ano de 2022.</p>\r\n<p>EXPEDIENTE</p>\r\n<p>Foi realizada a leitura das seguintes Mat\u00e9rias Legislativas:</p>\r\n<p><b>REQUERIMENTO N\u00ba 05/2022</b> \u2013 Autoria: Vereadora K\u00e9trin Priscila Sell =&gt; Requer licen\u00e7a de 30 (trinta) dias para tratar de assuntos particulares, no per\u00edodo de 1\u00ba a 30 de outubro de 2022.</p>\r\n<p><b>PROJETO DE RESOLU\u00c7\u00c3O N\u00ba 06/2022</b> \u2013 Autoria: Mesa Diretora =&gt; Concede licen\u00e7a para tratar de assuntos particulares a Vereadora K\u00e9trin Priscila Sell, durante o per\u00edodo de 1\u00ba a 30 de outubro de 2022.</p>\r\n<p><b>INDICA\u00c7\u00c3O N\u00ba 21/2022</b> \u2013 Autoria: Vereador M\u00e1rcio Scheimann =&gt; Sugere ao Executivo Municipal, que efetue a reforma do Posto de Sa\u00fade da localidade de Campo das Flores.</p>\r\n<p><b>INDICA\u00c7\u00c3O N\u00ba 22/2022</b> \u2013 Autoria: Vereador M\u00e1rcio Scheimann =&gt; Sugere ao Executivo Municipal, que inclua a localidade de Campo das Flores \u00e0 trilha tur\u00edstica, cultural e espiritual do \u201cCaminho do Louvor\u201d.</p>\r\n<p><b>INDICA\u00c7\u00c3O N\u00ba 23/2022</b> \u2013 Autoria: Vereador M\u00e1rcio Scheimann =&gt; Sugere ao Executivo Municipal, que fa\u00e7a estudos de viabilidade quanto a contrata\u00e7\u00e3o de monitores que atuar\u00e3o no transporte escolar</p>\r\n<p>\u00a0</p>\r\n<p>MOMENTO DA PRESID\u00caNCIA</p>\r\n<p><b>Presidente Vereado Jorge Luiz Sardo (MDB) </b>\u00a0refor\u00e7ou o convite para palestra a ser realizada no dia vinte e sete as dezenoves horas organizado pelo Conselho Municipal da Pessoa com Defici\u00eancia com a Coordenadora dos Amigos do Autistas do Litoral.</p>\r\n<p>\u00a0</p>\r\n<p>\u00a0</p>\r\n<p>ORDEM DO DIA</p>\r\n<p>DISCUSS\u00c3O E VOTA\u00c7\u00c3O DO <b>REQUERIMENTO N\u00ba 05/2022</b> \u2013 Autoria: Vereadora K\u00e9trin Priscila Sell =&gt; Requer licen\u00e7a de 30 (trinta) dias para tratar de assuntos particulares, no per\u00edodo de 1\u00ba a 30 de outubro de 2022. <b>Aprovado por unanimidade</b>.</p>\r\n<p>DISCUSS\u00c3O E VOTA\u00c7\u00c3O DO <b>PROJETO DE RESOLU\u00c7\u00c3O N\u00ba 06/2022</b> \u2013 Autoria: Mesa Diretora =&gt; Concede licen\u00e7a para tratar de assuntos particulares a Vereadora K\u00e9trin Priscila Sell, durante o per\u00edodo de 1\u00ba a 30 de outubro de 2022.<b> Aprovado por unanimidade.</b><b></b></p>\r\n<p>\u00a0</p>\r\n<p>EXPLICA\u00c7\u00d5ES PESSOAIS</p>\r\n<p><b>Vereador Aldori Rengel (MDB) </b>solicitou ao Executivo Municipal aten\u00e7\u00e3o as estrada de acesso as comunidade de Chapad\u00e3o Unida e Alto Iva\u00ed. Considerando a da Alto Iva\u00ed a mais prec\u00e1ria do munic\u00edpio e piorou devido a semana de chuvas.</p>\r\n<p>Declarou apoio a Indica\u00e7\u00e3o n\u00ba23 referente a contrata\u00e7\u00e3o de monitores para o transporte escolar. Refor\u00e7ando que os respons\u00e1veis hoje s\u00e3o o motoristas e que eles n\u00e3o tem condi\u00e7\u00f5es de dirigir e cuidar dos alunos ao mesmo tempo.</p>\r\n<p>\u00a0</p>\r\n<p><b>Vereador Leonir Pedro Braun (Podemos) </b>parabenizou o Executivo e todos envolvidos pela pintura das faixas na rodovia que passa pela Vista Alegre. Destacando a dificuldade em transitar sem as faixas principalmente em dias de chuva.</p>\r\n<p>Parabeniza o Vereador Marcio pelas Indica\u00e7\u00f5es. A n\u00ba 22 que sugere a Inclus\u00e3o da comunidade de Campo das Flores na trilha caminho do Louvor. Destacando que a comunidade tem a maior arvore de Imbuia do Munic\u00edpio. A Indica\u00e7\u00e3o n\u00ba 23 diz que apoia e indica que o monitor seja algu\u00e9m da \u00e1rea da educa\u00e7\u00e3o. Aonde a conv\u00edvio de crian\u00e7as de 04 e 05 anos com jovens de 16 e 17 sem quase nenhuma supervis\u00e3o. Acreditando que \u00e9 um gasto poss\u00edvel para o Executivo.</p>\r\n<p>\u00a0</p>\r\n<p>Ao encerramento o Senhor Presidente marcou a Pr\u00f3xima Sess\u00e3o Ordin\u00e1ria para o dia 03 de outubo as 19:00horas.</p>\r\n<p>Acesse a integra da Sess\u00e3o <a class=\"external-link\" href=\"https://www.youtube.com/watch?v=ukatvxPK0zk\" target=\"_self\" title=\"\">aqui</a></p>\r\n<p>Curta e siga a P\u00e1gina da C\u00e2mara assim saber\u00e1 tudo que o ocorre no legislativo do Munic\u00edpio.</p>\r\n<p>\u00a0</p>", "author_name": "", "version": "1.0", "author_url": "https://www.imbuia.sc.leg.br/author/imb", "provider_name": "C\u00e2mara de Vereadores de Imbuia", "type": "rich"}