{"provider_url": "https://www.imbuia.sc.leg.br", "title": "29\u00aa Sess\u00e3o Ordin\u00e1ria (19.09.2022)", "html": "<p>\u00a0</p>\r\n<p>A C\u00e2mara Municipal de Imbuia realizou nesta segunda-feira (19), a vig\u00e9sima nona Sess\u00e3o Ordin\u00e1ria do ano de 2022.</p>\r\n<p>EXPEDIENTE</p>\r\n<p>Foi realizada a leitura das seguintes Mat\u00e9rias Legislativas:</p>\r\n<p><b>PROJETO DE LEI N\u00ba 31/2022</b> \u2013 Autoria: Mesa Diretora =&gt; Disp\u00f5e sobre o remanejamento de cr\u00e9dito suplementar no or\u00e7amento vigente do Poder Legislativo do Munic\u00edpio de Imbuia e d\u00e1 outras provid\u00eancias.</p>\r\n<p><b>REQUERIMENTO N\u00ba 04/2022</b> \u2013 Autoria: Vereador Ezair Erhardt =&gt; Requer que a justificativa seja aceita e por consequ\u00eancia n\u00e3o ocorra o desconto relativo \u00e0 falta ocorrida na Reuni\u00e3o Ordin\u00e1ria do dia 12 de setembro de 2022, bem como nas Reuni\u00f5es Ordin\u00e1rias de suas respectivas Comiss\u00f5es Permanentes, e ainda, na Reuni\u00e3o Extraordin\u00e1ria ocorrida na mesma data.</p>\r\n<p>\u00a0</p>\r\n<p>\u00a0</p>\r\n<p>\u00a0</p>\r\n<p>ORDEM DO DIA</p>\r\n<p>2\u00aa Discuss\u00e3o do <b>PROJETO DE LEI COMPLEMENTAR N\u00ba 08/2022</b> \u2013 Disp\u00f5e sobre o Plano de Carreira do Magist\u00e9rio P\u00fablico Municipal de Imbuia, e d\u00e1 outras provid\u00eancias; <b>aprovado por unanimidade.</b></p>\r\n<p>2\u00aa Discuss\u00e3o do <b>PROJETO DE LEI N\u00ba 19/2022</b> \u2013 Disp\u00f5e sobre medidas de desburocratiza\u00e7\u00e3o e simplifica\u00e7\u00e3o do ambiente de neg\u00f3cios e quanto a formaliza\u00e7\u00e3o e funcionamento de empres\u00e1rios e pessoas jur\u00eddicas no Munic\u00edpio de Imbuia; <b>Aprovado por unanimidade.</b></p>\r\n<p>2\u00aa Discuss\u00e3o do <b>PROJETO DE LEI N\u00ba 28/2022</b> \u2013 Cria conselho Municipal de trabalho, emprego e Renda, no \u00e2mbito do Munic\u00edpio de Imbuia e d\u00e1 outras provid\u00eancias; <b>aprovado por unanimidade.</b></p>\r\n<p>Discuss\u00e3o do <b>REQUERIMENTO N\u00ba 04/2022</b> \u2013 Autoria: Vereador Ezair Erhardt =&gt; Requer que a justificativa seja aceita e por consequ\u00eancia n\u00e3o ocorra o desconto relativo \u00e0 falta ocorrida na Reuni\u00e3o Ordin\u00e1ria do dia 12 de setembro de 2022, bem como nas Reuni\u00f5es Ordin\u00e1rias de suas respectivas Comiss\u00f5es Permanentes, e ainda, na Reuni\u00e3o Extraordin\u00e1ria ocorrida na mesma data.<b> Aprovado por unanimidade.</b></p>\r\n<p>\u00a0</p>\r\n<p>EXPLICA\u00c7\u00d5ES PESSOAIS</p>\r\n<p><b>Vereador Leonir Pedro Braun (Podemos) </b>cumprimentou em especial os profissionais da Educa\u00e7\u00e3o. Agradeceu o Executivo por encaminhar e aos Vereadores por aprovar o Projeto Complementar n\u00ba 08. Projeto t\u00e3o importante. Ressaltando a perseveran\u00e7a e persist\u00eancia no trabalho dos Professores que s\u00e3o pouco reconhecidos no munic\u00edpio. E respons\u00e1veis por um trabalho t\u00e3o importante e necess\u00e1rio de levar a educa\u00e7\u00e3o as pessoas. E espera que esta casa possa aprovar ainda mais projeto que proporcionem melhoria a vida das pessoas.</p>\r\n<p>Aproveita a fala para desejar feliz dia dos professores a todos profissionais da educa\u00e7\u00e3o. Destacando que da mesma forma que v\u00e1rios educadores deixaram sua marca, os atuais tamb\u00e9m est\u00e3o deixando. Citando Darcy Ribeiro com destaque que prefere ser derrotado do que sentar com aqueles que conquistaram com sacrif\u00edcio de outros. Concluindo deixando reverencias ao Profissionais educadores que form\u00e3o os cidades.</p>\r\n<p>E Agradece ao Executivo por valorizar esta e outras classes. E espera que cada vez haja o reconhecimento para o bem da sociedade como um todo. \u00a0\u00a0\u00a0</p>\r\n<p>\u00a0<span>\u00a0</span></p>\r\n<p>Ao encerramento o Senhor Presidente marcou a Pr\u00f3xima Sess\u00e3o Ordin\u00e1ria para o dia 26 de setembro as 19:00horas.</p>\r\n<p>Acesse a integra da Sess\u00e3o <a href=\"https://www.youtube.com/channel/UCZbBZVpXy9zmSAYuoDRNG7g\">aqui</a></p>\r\n<p>Curta e siga a P\u00e1gina da C\u00e2mara assim saber\u00e1 tudo que o ocorre no legislativo do Munic\u00edpio.</p>\r\n<p>\u00a0</p>", "author_name": "", "version": "1.0", "author_url": "https://www.imbuia.sc.leg.br/author/imb", "provider_name": "C\u00e2mara de Vereadores de Imbuia", "type": "rich"}