{"provider_url": "https://www.imbuia.sc.leg.br", "title": "29\u00aa Sess\u00e3o Ordin\u00e1ria (11.09.23)", "html": "<p>\u00a0</p>\r\n<p>A C\u00e2mara Municipal de Imbuia realizou nesta segunda-feira (11) a vig\u00e9sima nona Sess\u00e3o ordin\u00e1ria de 2023.</p>\r\n<p>\u00a0</p>\r\n<p>MOMENTO DA PRESID\u00caNCIA</p>\r\n<p><b>Vereador Presidente Ezair Erhardt (MDB) </b>parabeniza a organiza\u00e7\u00e3o da Festa de Aniversario do Munic\u00edpio. Um sucesso em todos os eventos. Agradece a empresa que organizou que esteve muito bem e ao Executivo na pessoa do Vice Prefeito Lauri Momm que foi o Presidente da CCO e que realizou um bom trabalho.</p>\r\n<p>\u00a0</p>\r\n<p>ORDEM DO DIA</p>\r\n<p>1\u00aa DISCUSS\u00c3O E VOTA\u00c7\u00c3O DA <b>PROPOSTA DE EMENDA A LEI ORG\u00c2NICA N\u00ba 01/2023</b> \u2013 Altera o Art. 18-A da Lei Org\u00e2nica do Munic\u00edpio de Imbuia, que trata da Revis\u00e3o Geral Anual. <b>Aprovado por unanimidade.</b></p>\r\n<p>1\u00aa DISCUSS\u00c3O E VOTA\u00c7\u00c3O DO <b>PROJETO DE LEI N\u00ba 17/2023</b> \u2013 Declara de Utilidade P\u00fablica, a Associa\u00e7\u00e3o Sociedade Campo das Flores. <b>Aprovado por unanimidade.</b></p>\r\n<p>EXPLICA\u00c7OES PESSOAIS</p>\r\n<p><b>Vereadora Jorge Luiz Sardo (MDB) </b>parabeniza o Executivo Municipal pela abertura do Campeonato Municipal de Futsal e agradecer por acatar a Indica\u00e7\u00e3o para nomear de Daniel Capistrano Ferreira. Sendo realizada na sexta um evento muito bonito, mas que lamenta n\u00e3o poderem jogar em virtude umidade na quadra.</p>\r\n<p>Sobre a situa\u00e7\u00e3o da quadra do Gin\u00e1sio Municipal de Esportes pede aten\u00e7\u00e3o do Executivo e colabora\u00e7\u00e3o dos Vereadores para solucionar e assim evitar novos adiamentos de rodadas.</p>\r\n<p>Parabeniza a Secretaria de Educa\u00e7\u00e3o pelo desfile de Sete de Setembro no Gin\u00e1sio. Parabeniza as fanfarras que realizaram um espet\u00e1culo e s\u00f3 receberam elogios.</p>\r\n<p>Parabeniza o Executivo Municipal na pessoa do Vice Prefeito Lauri Momm que foi Presidente da CCO da Festa do Munic\u00edpio. Aonde recebendo elogios por todos os que participaram. Destacando a grande participa\u00e7\u00e3o da popula\u00e7\u00e3o mesmo com tempo ruim foram para a festa.</p>\r\n<p>Refor\u00e7a o Convite a participarem da Reuni\u00e3o coma agentes do Minist\u00e9rio do Trabalho organizado pelo Deputado Pezzenti. E pede que estendam o convite a agricultores. Ressalta as dificuldades que a agricultura vem passando e comenta da participa\u00e7\u00e3o juntamente com Prefeito Deny e Presidente da C\u00e2mara Zaia na cidade de Presidente Get\u00falio em Audi\u00eancia Publica sobre a quest\u00e3o do leite. \u00a0E amanh\u00e3 na ter\u00e7a (dia 12) haver\u00e1 em Bras\u00edlia manifesto sobre a produ\u00e7\u00e3o da cultura do tabaco. Destacando assim a preocupa\u00e7\u00e3o com o futuro da agricultura que \u00e9 t\u00e3o importante para o munic\u00edpio.</p>\r\n<p>Esclarece sobre rumores a respeito do Projeto de Cargos e Sal\u00e1rios em tramite na C\u00e2mara. E como Presidente da Comiss\u00e3o deixa claro que existe todo um tr\u00e2mite para aprova\u00e7\u00e3o. Lembra que o primeiro Projeto que n\u00e3o estava certo e por isso Executivo teve que encaminhar um substitutivo que foi lido dia vinte e oito. E ap\u00f3s ser analisado ser\u00e1 votado na pr\u00f3xima sess\u00e3o. Ap\u00f3s vota\u00e7\u00e3o da Emenda a Lei Org\u00e2nica. Ressalta que os Vereadores est\u00e3o atuando com responsabilidade e dentro da lei.</p>\r\n<p>Conclui convidando a todos a prestigiarem a Festa da Comunidade de Campo das Flores no pr\u00f3ximo fim de semana.</p>\r\n<p>\u00a0</p>\r\n<p><b>Vereadora Leonir Pedro Braun (PODEMOS) </b>\u00a0apresenta que a festa do dia do agricultor \u00e9 comemorada no mesmo dia que o anivers\u00e1rio do munic\u00edpio. E parabeniza todos os agricultores<b> </b>que participaram do desfile de maquinas. Parabeniza tamb\u00e9m todos envolvidos na realiza\u00e7\u00e3o da Festa: Comercio, Cooperativas de Cr\u00e9dito, Grupos de Stamtisch, Vereadores, Col\u00e9gio Estadual e Fanfarra, Secretaria de Educa\u00e7\u00e3o e Fanfarra Municipal, Empresa organizadora da Festa, CTG, Grupo de Motovelocidade e Administra\u00e7\u00e3o Municipal do Prefeito Deny e Vice Lauri. \u00a0</p>\r\n<p>Destaca a homenagem realizada aos exs-Prefeitos, ex-vice Prefeitos e ex-Primeiras Damas pelos 61 anos do munic\u00edpio. Aonde as pessoas precisam ser lembradas e valorizadas.</p>\r\n<p>Contou a hist\u00f3ria do Munic\u00edpio de Imbuia e ressalta o povo que constr\u00f3i o desenvolvimento do munic\u00edpio e buscando melhores dias. E reafirma que lutar\u00e1 por um munic\u00edpio mais forte e que seja para todos.</p>\r\n<p>\u00a0</p>\r\n<p>\u00a0Ao encerramento o Presidente marcou a Pr\u00f3xima Sess\u00e3o Ordin\u00e1ria para o dia 18 de setembro as 19 horas.</p>\r\n<p>Acesse a integra da Sess\u00e3o <a href=\"https://www.youtube.com/watch?v=AImDvPag9F8\">aqui</a>:</p>\r\n<p>Curta e siga a P\u00e1gina da C\u00e2mara assim saber\u00e1 tudo que o ocorre no legislativo do Munic\u00edpio.</p>\r\n<p>\u00a0</p>", "author_name": "", "version": "1.0", "author_url": "https://www.imbuia.sc.leg.br/author/imb", "provider_name": "C\u00e2mara de Vereadores de Imbuia", "type": "rich"}