{"provider_url": "https://www.imbuia.sc.leg.br", "title": "26\u00aa Sess\u00e3o Ordin\u00e1ria (21.08.23)", "html": "<p>\u00a0</p>\r\n<p>A C\u00e2mara Municipal de Imbuia realizou nesta segunda-feira (21) a vig\u00e9sima sexta Sess\u00e3o ordin\u00e1ria de 2023.</p>\r\n<p>\u00a0</p>\r\n<p>EXPEDIENTE</p>\r\n<p>\u00a0</p>\r\n<p><b>PROJETO DE RESOLU\u00c7\u00c3O N\u00ba 06/2023</b> \u2013 Autoria: Mesa Diretora =&gt; Autoriza a participa\u00e7\u00e3o de Vereadores e Servidores no F\u00f3rum Legislativo de Pol\u00edticas P\u00fablicas Municipais, a realizar-se entre os dias 29 de agosto a 01 de setembro de 2023, em Florian\u00f3polis - SC, evento promovido pelo Centro de Estudos da Administra\u00e7\u00e3o P\u00fablica \u2013 Ceap Brasil.</p>\r\n<p><b>INDICA\u00c7\u00c3O N\u00ba 17/2023</b> \u2013 Autoria: Leonir Pedro Braun =&gt; Sugere a implanta\u00e7\u00e3o de passeio e guarda-corpos na ponte da Rua David Kammers, neste Munic\u00edpio.</p>\r\n<p><b>INDICA\u00c7\u00c3O N\u00ba 18/2023</b> \u2013 Autoria: Idamar Heemann =&gt; Sugere ao Executivo Municipal que coloque Seguran\u00e7as, durante todo o per\u00edodo de aula, nas escolas e creches do nosso Munic\u00edpio.</p>\r\n<p>\u00a0</p>\r\n<p>MOMENTO DA PRESID\u00caNCIA</p>\r\n<p><b>Vereador Presidente Ezair Erhardt (MDB) </b>convida os Vereadores para dia 20 de outubro inaugura\u00e7\u00e3o e jantar dan\u00e7ante da UCAVI.</p>\r\n<p>ORDEM DO DIA</p>\r\n<p>2\u00aa DISCUSS\u00c3O E VOTA\u00c7\u00c3O DO<b> PROJETO DE LEI COMPLEMENTAR N\u00ba 10/2023</b> - Autoria Executivo Municipal - \"Altera dispositivos da Lei Complementar n\u00ba112, de 3 de novembro de 2021, que disp\u00f5e sobre o Plano Diretor Participativo de Imbuia e d\u00e1 outras provid\u00eancias\". <b>Aprovado por unanimidade.</b></p>\r\n<p>2\u00aa DISCUSS\u00c3O E VOTA\u00c7\u00c3O DO <b>PROJETO DE LEI COMPLEMENTAR N\u00ba 08/2023</b> \u2013 Autoria Executivo Municipal \u2013 \u201cDisp\u00f5e sobre o disposto no art. 15-C da Lei Federal n. 7.498/1986 (Piso Nacional da Enfermagem), aos enfermeiros, t\u00e9cnicos de enfermagem, auxiliar de enfermagem e parteiras fica institu\u00eddo o direito \u00e0 percep\u00e7\u00e3o de Parcela Vari\u00e1vel de Complementa\u00e7\u00e3o Remunerat\u00f3ria e d\u00e1 outras provid\u00eancias\u201d. <b>Aprovado por unanimidade.</b><b></b></p>\r\n<p><b>PROJETO DE RESOLU\u00c7\u00c3O N\u00ba 06/2023</b> \u2013 Autoria: Mesa Diretora =&gt; Autoriza a participa\u00e7\u00e3o de Vereadores e Servidores no F\u00f3rum Legislativo de Pol\u00edticas P\u00fablicas Municipais, a realizar-se entre os dias 29 de agosto a 01 de setembro de 2023, em Florian\u00f3polis - SC, evento promovido pelo Centro de Estudos da Administra\u00e7\u00e3o P\u00fablica \u2013 Ceap Brasil. <b>Aprovado por unanimidade.</b></p>\r\n<p><b>\u00a0</b></p>\r\n<p>\u00a0<b></b></p>\r\n<p>\u00a0</p>\r\n<p>EXPLICA\u00c7OES PESSOAIS</p>\r\n<p>.</p>\r\n<p><b>Vereador Leonir Pedro Braun (PODEMOS) </b>justificou a sua Indica\u00e7\u00e3o para implanta\u00e7\u00e3o do passeio e guarda-corpo na ponte da Rua David Kammers. Colocando que a ponte melhorou muito para os moradores ali pr\u00f3ximo, aumentando a vas\u00e3o da agua. Assim pede que colocasse espa\u00e7o para os moradores passarem com seguran\u00e7a. E atendendo assim um pedido principalmente das pessoas mais idosas que passam por ali.</p>\r\n<p>Parabeniza a Professora Jordana da Silva por trazer seus alunos do curso de Auxiliar Jur\u00eddico do PRONAD. Ressaltando que essa casa representa o povo e o mesmo tem que vir mais acompanhar os trabalhos dos Vereadores.</p>\r\n<p><b>Vereador Idamar Heemann (PP) </b>agradece ao Executivo pelo atendimento aos pedidos atendidos, destacando o cercado da pra\u00e7a raiz.</p>\r\n<p>Justifica Indica\u00e7\u00e3o pensando na seguran\u00e7a das crian\u00e7as. Ressaltando ser m\u00e1xima urg\u00eancia que haja Seguran\u00e7a nas escolas do munic\u00edpio pois quando a um atentado n\u00e3o \u00e9 avisado antes. E assim poder dar mais tranquilidade a pais e professores.</p>\r\n<p>Ao encerramento o Presidente marcou a Pr\u00f3xima Sess\u00e3o Ordin\u00e1ria para o dia 28 de agosto as 19 horas.</p>\r\n<p>Acesse a \u00edntegra da Sess\u00e3o <a class=\"external-link\" href=\"https://www.youtube.com/watch?v=bUOv3ACLyCk\" target=\"_self\" title=\"\">aqui.</a></p>\r\n<p>Curta e siga a P\u00e1gina da C\u00e2mara assim saber\u00e1 tudo que o ocorre no legislativo do Munic\u00edpio.</p>\r\n<p>\u00a0</p>", "author_name": "", "version": "1.0", "author_url": "https://www.imbuia.sc.leg.br/author/imb", "provider_name": "C\u00e2mara de Vereadores de Imbuia", "type": "rich"}