{"provider_url": "https://www.imbuia.sc.leg.br", "title": "25\u00aa Sess\u00e3o Ordin\u00e1ria (15.08.2022)", "html": "<p>\u00a0</p>\r\n<p>A C\u00e2mara Municipal de Imbuia realizou nesta segunda-feira (08), a vig\u00e9sima quinta Sess\u00e3o Ordin\u00e1ria do ano de 2022.</p>\r\n<p>EXPEDIENTE</p>\r\n<p>Foi realizada a leitura das seguintes Mat\u00e9rias Legislativas:</p>\r\n<p><b>PROJETO DE LEI COMPLEMENTAR N\u00ba 08/2022</b> \u2013 Disp\u00f5e sobre o Plano de Carreira do Magist\u00e9rio P\u00fablico Municipal de Imbuia, e d\u00e1 outras provid\u00eancias.</p>\r\n<p><b>PROJETO DE LEI N\u00ba 26/2022</b> \u2013 Altera e acrescenta dispositivos a Lei n\u00ba 1.791, de 12 de julho de 2022, que cria o incentivo Financeiro por desempenho (IDF), no \u00e2mbito do programa federal \u201cPrevine Brasil\u201d e d\u00e1 outras provid\u00eancias</p>\r\n<p><b>PROJETO DE LEI N\u00ba 27/2022</b> \u2013 Autoria: Vereador Ant\u00f4nio Truppel =&gt; Disp\u00f5e sobre denomina\u00e7\u00e3o da Rua Jos\u00e9 Ant\u00f4nio de Farias</p>\r\n<p><b>REQUERIMENTO N\u00ba 02/2022</b> \u2013 Autoria: Vereador M\u00e1rcio Scheimann =&gt; Requer que a justificativa seja aceita e por consequ\u00eancia n\u00e3o ocorra o desconto relativo \u00e0 falta ocorrida na Reuni\u00e3o Ordin\u00e1ria do dia 01 de agosto de 2022, bem como nas Reuni\u00f5es Ordin\u00e1rias de suas respectivas Comiss\u00f5es Permanentes.</p>\r\n<p>MOMENTO DA PRESID\u00caNCIA</p>\r\n<p>Concedido espa\u00e7o a <b>Senhora Daiane Lopes Representante do Conselho Municipal dos Direitos da Mulher. </b>Que apresentou as a\u00e7\u00f5es do Conselho que se destaca por ser juntamente com Rio do Sul \u00fanicos na regi\u00e3o do Alto Vale do Itaja\u00ed.</p>\r\n<p>Apresenta que durante o m\u00eas de agosto h\u00e1 a tem\u00e1tica \u201cAgosto Lil\u00e1s\u201d em combate \u00e0 viol\u00eancia contra a mulher. E tamb\u00e9m neste ano o anivers\u00e1rio de dezesseis anos da Lei Maria da Penha. O munic\u00edpio realiza a Campanha \u201cPor Mim, Por Ti, Por Todas\u201d, e assim durante o m\u00eas ter\u00e3o v\u00e1rias a\u00e7\u00f5es de conscientiza\u00e7\u00e3o. Concluindo no final do m\u00eas com palestra com a Andrea Saad. E para conseguir recursos para realiza\u00e7\u00e3o da campanha e da palestra est\u00e3o as vendas camisas e copos para dar suporte a campanha. E conclui convidando aos Vereadores e Esposas para estarem na palestra. \u00a0\u00a0</p>\r\n<p>\u00a0</p>\r\n<p>ORDEM DO DIA</p>\r\n<p>\u00a0DISCUSS\u00c3O E VOTA\u00c7\u00c3O DO <b>REQUERIMENTO N\u00ba 02/2022</b> \u2013 Autoria: Vereador M\u00e1rcio Scheimann =&gt; Requer que a justificativa seja aceita e por consequ\u00eancia n\u00e3o ocorra o desconto relativo \u00e0 falta ocorrida na Reuni\u00e3o Ordin\u00e1ria do dia 01 de agosto de 2022, bem como nas Reuni\u00f5es Ordin\u00e1rias de suas respectivas Comiss\u00f5es Permanentes. <b>Aprovado por unanimidade</b>.</p>\r\n<p>\u00a0</p>\r\n<p>\u00a0</p>\r\n<p>Ao encerramento o Senhor Presidente marcou a Pr\u00f3xima Sess\u00e3o Ordin\u00e1ria para o dia 22 de agosto as 19:00horas.</p>\r\n<p>Acesse a integra da Sess\u00e3o <a href=\"https://www.youtube.com/watch?v=0u5S-z9omCQ\">aqui</a></p>\r\n<p>Curta e siga a P\u00e1gina da C\u00e2mara assim saber\u00e1 tudo que o ocorre no legislativo do Munic\u00edpio.</p>\r\n<p>\u00a0</p>", "author_name": "", "version": "1.0", "author_url": "https://www.imbuia.sc.leg.br/author/imb", "provider_name": "C\u00e2mara de Vereadores de Imbuia", "type": "rich"}