{"provider_url": "https://www.imbuia.sc.leg.br", "title": "25\u00aa Sess\u00e3o Ordin\u00e1ria (14.08.23)", "html": "<p>\u00a0</p>\r\n<p>A C\u00e2mara Municipal de Imbuia realizou nesta segunda-feira (14) a vig\u00e9sima quinta Sess\u00e3o ordin\u00e1ria de 2023.</p>\r\n<p>\u00a0</p>\r\n<p>EXPEDIENTE</p>\r\n<p>\u00a0</p>\r\n<p><b>PROJETO DE LEI N\u00ba 16/2023</b> \u2013 Autoria: Leonir Pedro Braun =&gt; Declara de Utilidade P\u00fablica, o Grupo Amantes da Velocidade de Imbuia</p>\r\n<p><b>INDICA\u00c7\u00c3O N\u00ba 16/2023</b> \u2013 Autoria: Ademildo Pereira =&gt; Indica \u00e0 Companhia Catarinense de \u00c1guas e Saneamento \u2013 CASAN, que seja efetuada a amplia\u00e7\u00e3o da rede de \u00e1gua tratada at\u00e9 a Tifa Tom\u00e9, neste Munic\u00edpio, conforme abaixo assinado anexo a esta.</p>\r\n<p>\u00a0</p>\r\n<p>ORDEM DO DIA</p>\r\n<p>1\u00aa DISCUSS\u00c3O E VOTA\u00c7\u00c3O DO<b> PROJETO DE LEI COMPLEMENTAR N\u00ba 10/2023</b> - Autoria Executivo Municipal - \"Altera dispositivos da Lei Complementar n\u00ba112, de 3 de novembro de 2021, que disp\u00f5e sobre o Plano Diretor Participativo de Imbuia e d\u00e1 outras provid\u00eancias\". <b>Aprovado por unanimidade.</b></p>\r\n<p>1\u00aa DISCUSS\u00c3O E VOTA\u00c7\u00c3O DO <b>PROJETO DE LEI COMPLEMENTAR N\u00ba 08/2023</b> \u2013 Autoria Executivo Municipal \u2013 \u201cDisp\u00f5e sobre o disposto no art. 15-C da Lei Federal n. 7.498/1986 (Piso Nacional da Enfermagem), aos enfermeiros, t\u00e9cnicos de enfermagem, auxiliar de enfermagem e parteiras fica institu\u00eddo o direito \u00e0 percep\u00e7\u00e3o de Parcela Vari\u00e1vel de Complementa\u00e7\u00e3o Remunerat\u00f3ria e d\u00e1 outras provid\u00eancias\u201d. <b>Aprovado por unanimidade.</b><b></b></p>\r\n<p>\u00a0<b></b></p>\r\n<p>\u00a0</p>\r\n<p>EXPLICA\u00c7OES PESSOAIS</p>\r\n<p>.</p>\r\n<p><b>Vereador Leonir Pedro Braun (PODEMOS) </b>comenta sobre Palestra da UCAVI no \u00faltimo s\u00e1bado, com o tema anti-granizo. Aonde s\u00e3o radares que lan\u00e7am iodeto de prata na atmosfera amenizando a queda de granizo. Tendo um Projeto na ALESC em busca de estadualizar estes radares e podendo ser instalados por todo o estado. A exemplo dos munic\u00edpios do meio oeste, regi\u00e3o de Ca\u00e7ador o fizeram.</p>\r\n<p>Solicitou apoio aos Vereadores para aprovar o Projeto de Lei n\u00ba16 que torna de utilidade p\u00fablica o grupo amantes da velocidade. T\u00edtulo concedido a institui\u00e7\u00f5es sem fins lucrativos prestadoras de servi\u00e7os a sociedade.</p>\r\n<p>Ao encerramento o Presidente marcou a Pr\u00f3xima Sess\u00e3o Ordin\u00e1ria para o dia 21 de agosto as 19 horas.</p>\r\n<p>Acesse a \u00edntegra da Sess\u00e3o <a href=\"https://www.youtube.com/watch?v=m721Pt97JtA\">aqui.</a></p>\r\n<p>Curta e siga a P\u00e1gina da C\u00e2mara assim saber\u00e1 tudo que o ocorre no legislativo do Munic\u00edpio.</p>\r\n<p>\u00a0</p>", "author_name": "", "version": "1.0", "author_url": "https://www.imbuia.sc.leg.br/author/imb", "provider_name": "C\u00e2mara de Vereadores de Imbuia", "type": "rich"}