{"provider_url": "https://www.imbuia.sc.leg.br", "title": "24\u00aa Sess\u00e3o Ordin\u00e1ria (07.08.23)", "html": "<p>\u00a0</p>\r\n<p>A C\u00e2mara Municipal de Imbuia realizou nesta segunda-feira (07) a vig\u00e9sima quarta Sess\u00e3o ordin\u00e1ria de 2023.</p>\r\n<p>POSSE DOS SUPLENTES</p>\r\n<p>Os suplentes de Vereador Idamar Heemann e Ademildo Pereira tomaram posse das cadeiras vagas dos Vereadores Marcio Scheimann e Altair Rengel conforme a Resolu\u00e7\u00e3o 05/2023.</p>\r\n<p>\u00a0</p>\r\n<p>EXPEDIENTE</p>\r\n<p>\u00a0</p>\r\n<p><b>PROJETO DE LEI N\u00ba 15/2023</b> \u2013 Disp\u00f5e sobre a denomina\u00e7\u00e3o da Estrada Geral Tifa Tom\u00e9.</p>\r\n<p><b>INDICA\u00c7\u00c3O N\u00ba 15/2023</b> \u2013 Autoria: Leonir Pedro Braun =&gt; Sugere ao Executivo Municipal que efetue a constru\u00e7\u00e3o de uma pra\u00e7a de recrea\u00e7\u00e3o e lazer para os mun\u00edcipes imbuienses no terreno ao lado da C\u00e2mara Municipal e que essa pra\u00e7a seja denominada de \u201cJo\u00e3o Pedro da Silva\u201d.</p>\r\n<p>\u00a0</p>\r\n<p>\u00a0</p>\r\n<p>ORDEM DO DIA</p>\r\n<p>2\u00aa DISCUSS\u00c3O E VOTA\u00c7\u00c3O DO <b>PROJETO DE LEI N\u00ba14/2023</b> \u2013 Institui o Plano Municipal de Turismo de Imbuia, e da outras provid\u00eancias. <b>Aprovado por unanimidade.</b><b></b></p>\r\n<p>\u00a0<b></b></p>\r\n<p>\u00a0</p>\r\n<p>EXPLICA\u00c7OES PESSOAIS</p>\r\n<p>.</p>\r\n<p><b>Vereador Leonir Pedro Braun (PODEMOS) </b>parabeniza todas as localidades que participaram do Campeonato de Localidades de Futebol de Sal\u00e3o. E a final um grande jogo entre Atl\u00e9tico Alto Iva\u00ed e Campo das Flores. Com o titulo ficando para a equipe de Alto Iva\u00ed.</p>\r\n<p>Segue relata participa\u00e7\u00e3o junto com o Vereador Ant\u00f4nio Truppel em Curso sobre emendas impositivas entre os dias 25 a 28 de julho, organizado pela empresa CEAP, na cidade de Florian\u00f3polis sobre emendas impositivas. Ressaltando que seria uma forma dos Vereadores estarem aplicando recursos e que seria muito bom se funcionasse, apesar de n\u00e3o ser aplicado neste munic\u00edpio.</p>\r\n<p>Coloca que visitou o Deputado Estadual Camilo Martins e aonde apresentaram pedidos em nome da Bancada do Podemos. Entre os pedidos est\u00e3o 650 mil para pavimenta\u00e7\u00f5es, 150 mil para melhoria na quadra e reparo no Gin\u00e1sio de Esportes Horacio Laurindo Machado,300 mil para constru\u00e7\u00e3o de salas, 300 mil para amplia\u00e7\u00e3o do Centro de Educa\u00e7\u00e3o Infantil Pequeno Polegar.</p>\r\n<p>E tamb\u00e9m pediu 200 mil para fazer uma pra\u00e7a no terreno ao lado da C\u00e2mara de Vereadores. Pra\u00e7a que \u00e9 objeto da Indica\u00e7\u00e3o 15/2023 e da qual sugere a instala\u00e7\u00e3o e nomea\u00e7\u00e3o de \u201cPra\u00e7a Jo\u00e3o Pedro da Silva\u201d. Apresentando a Biografia homenageado \u2013 \u201cJo\u00e3o Juca\u201d e destacando sua rela\u00e7\u00e3o com o munic\u00edpio e principalmente como doador de terras para os edif\u00edcios p\u00fablicos: Gin\u00e1sio de Esportes, Jardim de Inf\u00e2ncia, Apae, Hospital e Posto de Sa\u00fade.</p>\r\n<p>Justifica ainda o pedido da pra\u00e7a mostrando o Projeto com espa\u00e7o com caminhada, academia, brinquedos, letreiro 3d e ainda um busto do seu \u201cJo\u00e3o Juca\u201d. Ofertando assim um local de lazer e tamb\u00e9m ponto de turismo para quem visita o munic\u00edpio.</p>\r\n<p>\u00a0</p>\r\n<p><b>Vereador Jorge Luiz Sardo (MDB) </b>parabeniza a equipe do Alto Iva\u00ed pela conquista do campeonato de Futsal de localidades, vencendo o Campo das Flores na final e em 03\u00ba a Vista Alegre.</p>\r\n<p>Convida os Vereadores a participar da Assembleia da UCAVI com palestra sobre sistema antigranizo. Muito importante a participa\u00e7\u00e3o para obter o conhecimento observado que todos tem contato com agricultura.</p>\r\n<p>Comenta sobre visita a CELESC, lembrando que no primeiro ano do mandato participou de reuni\u00e3o da comunidade de Alto Iva\u00ed para implantar rede trif\u00e1sica. Coloca que havia programa que subsidiava, mas que ele foi descontinuado e aonde muitos ficaram sem.</p>\r\n<p>Comenta sobre a Tifa Tom\u00e9 aonde houve o pedido para instala\u00e7\u00e3o de \u00e1gua da CASAN, aonde ela pediu a nomea\u00e7\u00e3o da Rua e ai este Projeto deu entrada hoje. Aonde ser\u00e1 analisado pelos Vereadores e se estiver correto ser\u00e1 votado e aprovado.</p>\r\n<p>Convida a todos para 01\u00aa Pastelada do Jardim Pequeno Polegar no pr\u00f3ximo dia 11. Com 06 mil reais de pr\u00eamio e sendo cartela 15 reais e o pastel 06 reais.</p>\r\n<p>Ao encerramento o Presidente marcou a Pr\u00f3xima Sess\u00e3o Ordin\u00e1ria para o dia 14 de agosto as 19 horas.</p>\r\n<p>Acesse a \u00edntegra da Sess\u00e3o <a href=\"https://www.youtube.com/watch?v=JOsbyu4Q8rg\">aqui.</a></p>\r\n<p>Curta e siga a P\u00e1gina da C\u00e2mara assim saber\u00e1 tudo que o ocorre no legislativo do Munic\u00edpio.</p>\r\n<p>\u00a0</p>", "author_name": "", "version": "1.0", "author_url": "https://www.imbuia.sc.leg.br/author/imb", "provider_name": "C\u00e2mara de Vereadores de Imbuia", "type": "rich"}