{"provider_url": "https://www.imbuia.sc.leg.br", "title": "28\u00aa Sess\u00e3o Ordin\u00e1ria (04.09.23)", "html": "<p>\u00a0</p>\r\n<p>A C\u00e2mara Municipal de Imbuia realizou nesta segunda-feira (04) a vig\u00e9sima oitava Sess\u00e3o ordin\u00e1ria de 2023. A Sess\u00e3o n\u00e3o pode ser transmitida e nem gravada em v\u00eddeo em virtude da falta de energia el\u00e9trica.</p>\r\n<p>\u00a0</p>\r\n<p>EXPEDIENTE</p>\r\n<p>\u00a0</p>\r\n<p>ORDEM DO DIA</p>\r\n<p>2\u00aa DISCUSS\u00c3O E VOTA\u00c7\u00c3O DO PROJETO DE LEI N\u00ba 16/2023 \u2013 Declara de Utilidade P\u00fablica, o Grupo Amantes da Velocidade de Imbuia. <b>Aprovado por unanimidade.</b></p>\r\n<p>\u00a0</p>\r\n<p>EXPLICA\u00c7OES PESSOAIS</p>\r\n<p><b>Vereadora Ketrin Priscila Sell (MDB) </b>relatou a participa\u00e7\u00e3o no Forum Legislativo de Politicas Publicas Municipais entre os dias 29 de agosto e 01 de setembro em Florian\u00f3polis organizado pelo CEAP da qual participaram os Vereadores Ketrin Priscila Sell, Giane Ferrira da Silva e Jorge Luiz Sardo e os servidores Marcos Ant\u00f4nio de Souza e Laudir Givanildo Schvindan.</p>\r\n<p>Aonde foram abobadados temas da Sa\u00fade, Educa\u00e7\u00e3o municipal, seguran\u00e7a p\u00fablica, bem estar animal e mobilidade urbana. Destacando a presen\u00e7a do ex-governadores do Estado, Raimundo Colombo, Eduardo Pinho Moreira e Carlos Moises. E tamb\u00e9m palestrou a ex-deputada Marlene Fengler. Ressaltando ainda que a pol\u00edtica sempre foi dura, muitas vezes os trabalhos n\u00e3o s\u00e3o reconhecidos, mas que vale a pena lutar pelas pessoas e pelo desenvolvimento de cada munic\u00edpio.</p>\r\n<p>Conclui convidando a todos a prestigiarem a Festa de aniversario do Munic\u00edpio no pr\u00f3ximo fim de semana.</p>\r\n<p>\u00a0</p>\r\n<p>\u00a0 \u00a0</p>\r\n<p>\u00a0Ao encerramento o Presidente marcou a Pr\u00f3xima Sess\u00e3o Ordin\u00e1ria para o dia 11 de setembro as 19 horas.</p>\r\n<p>Curta e siga a P\u00e1gina da C\u00e2mara assim saber\u00e1 tudo que o ocorre no legislativo do Munic\u00edpio.</p>\r\n<p>\u00a0</p>", "author_name": "", "version": "1.0", "author_url": "https://www.imbuia.sc.leg.br/author/imb", "provider_name": "C\u00e2mara de Vereadores de Imbuia", "type": "rich"}