{"provider_url": "https://www.imbuia.sc.leg.br", "title": "23\u00aa Sess\u00e3o Ordin\u00e1ria (17.07.23)", "html": "<p>\u00a0</p>\r\n<p>A C\u00e2mara Municipal de Imbuia realizou nesta segunda-feira (17) a vig\u00e9sima terceira Sess\u00e3o ordin\u00e1ria de 2023.</p>\r\n<p>EXPEDIENTE</p>\r\n<p>\u00a0</p>\r\n<p><b>REQUERIMENTO N\u00ba 05/2023</b> \u2013 Autoria: M\u00e1rcio Scheimann =&gt; Requer seja concedido licen\u00e7a sem remunera\u00e7\u00e3o para tratar de interesses particulares, no per\u00edodo compreendido entre os dias 1\u00ba a 31 de agosto de 2023.</p>\r\n<p><b>REQUERIMENTO N\u00ba 06/2023</b> \u2013 Autoria: Altair Rengel =&gt; Requer seja concedido licen\u00e7a sem remunera\u00e7\u00e3o para tratar de interesses particulares, no per\u00edodo compreendido entre os dias 1\u00ba a 31 de agosto de 2023.</p>\r\n<p><b>PROJETO DE RESOLU\u00c7\u00c3O N\u00ba 05/2023 \u2013</b> Autoria: Mesa Diretora =&gt; Disp\u00f5e sobre concess\u00e3o de Licen\u00e7a sem Remunera\u00e7\u00e3o para tratar de Interesses Particulares aos Vereadores e M\u00e1rcio Scheimann e Altair Rengel.</p>\r\n<p><b>PROJETO DE LEI COMPLEMENTAR N\u00ba10/2023</b> - Autoria Executivo Municipal - \"Altera dispositivos da Lei Complementar n\u00ba112, de 3 de novembro de 2021, que disp\u00f5e sobre o Plano Diretor Participativo de Imbuia e d\u00e1 outras provid\u00eancias\".</p>\r\n<p>\u00a0</p>\r\n<p>MOMENTO DA PRESID\u00caNCIA</p>\r\n<p><b>Vereador Ezair Erhardt (MDB) </b>apresenta resposta a motoristas que reclamaram sobre o p\u00e1tio de estacionamento da rodovi\u00e1ria. Aonde estava sempre cheio e impossibilitando at\u00e9 os \u00f4nibus de entrar ali para pegar passageiros. Coloca que vai procurar Prefeito e Secret\u00e1rio para discutir junto aos comerciantes. Aonde a Agrocomercial Kammer apresenta grande movimento de descarga e tamb\u00e9m a DBB tratores. Ressaltando buscar o melhor entendimento.</p>\r\n<p>\u00a0</p>\r\n<p>ORDEM DO DIA</p>\r\n<p>1\u00aa DISCUSS\u00c3O E VOTA\u00c7\u00c3O DO <b>PROJETO DE LEI N\u00ba13/2023</b> \u2013 Institui o Plano Municipal de Turismo de Imbuia, e da outras provid\u00eancias. <b>Aprovado por unanimidade.</b><b></b></p>\r\n<p>\u00a0DISCUSS\u00c3O E VOTA\u00c7\u00c3O DO <b>REQUERIMENTO N\u00ba 05/2023</b> \u2013 Autoria: M\u00e1rcio Scheimann =&gt; Requer seja concedido licen\u00e7a sem remunera\u00e7\u00e3o para tratar de interesses particulares, no per\u00edodo compreendido entre os dias 1\u00ba a 31 de agosto de 2023. <b>Aprovado por unanimidade.</b><b></b></p>\r\n<p>DISCUSS\u00c3O E VOTA\u00c7\u00c3O DO <b>REQUERIMENTO N\u00ba 06/2023</b> \u2013 Autoria: Altair Rengel =&gt; Requer seja concedido licen\u00e7a sem remunera\u00e7\u00e3o para tratar de interesses particulares, no per\u00edodo compreendido entre os dias 1\u00ba a 31 de agosto de 2023. <b>Aprovado por unanimidade.</b><b></b></p>\r\n<p>DISCUSS\u00c3O E VOTA\u00c7\u00c3O DO <b>PROJETO DE RESOLU\u00c7\u00c3O N\u00ba 05/2023</b> \u2013 Autoria: Mesa Diretora =&gt; Disp\u00f5e sobre concess\u00e3o de Licen\u00e7a sem Remunera\u00e7\u00e3o para tratar de Interesses Particulares aos Vereadores e M\u00e1rcio Scheimann e Altair Rengel. <b>Aprovado por unanimidade.</b><b></b></p>\r\n<p>\u00a0</p>\r\n<p>EXPLICA\u00c7OES PESSOAIS</p>\r\n<p>.</p>\r\n<p><b>Vereador Leonir Pedro Braun (PODEMOS) </b>apresenta homenagem aos agricultores e motoristas. Duas atividades pouco reconhecidas, mas muito importantes para o desenvolvimento do munic\u00edpio. Colocando que s\u00e3o atividades sem hor\u00e1rio de trabalho e respons\u00e1veis pelo p\u00e3o na mesa de cada pessoa. Conclui pedindo aplausos as duas categorias.</p>\r\n<p><b>Vereador Jorge Luiz Sardo (MDB) </b>relata da semana anterior. Na ter\u00e7\u00e3-feira em Florian\u00f3polis foram cobrar investimentos no munic\u00edpio. Visitaram o Gabinete do Deputado Jerry e foram at\u00e9 a CASAN. Coloca que havia a promessa de recurso para pavimenta\u00e7\u00e3o da Rua Luiz Tom\u00e9. E como houve a demora na sa\u00edda do Projeto iniciou-se boatos havia a perda do recurso. L\u00e1 conversado e foi garantido o recurso, aonde a CASAN j\u00e1 tem o Projeto no valor de 300.000,00 reais. E agora espera para a dota\u00e7\u00e3o para realizar a obra. Refor\u00e7a o fato de que o Vereador tem que ficar cobrando.</p>\r\n<p>Quarta-feira em Ca\u00e7ador foi com membros da UCAVI conhecer o sistema anti-granizo que \u00e9 adotado naquela regi\u00e3o. Apresenta como sistema muito importante n\u00e3o s\u00f3 para agricultura, mas para toda cidade, diminuindo os danos com granizo. Sugerindo que deve ser uma busca de tanto Vereadores como Prefeito para trazer para regi\u00e3o da cebola.</p>\r\n<p>Amanh\u00e3 ira na CELESC em Rio do Sul para tratar de situa\u00e7\u00f5es de agricultores do munic\u00edpio.</p>\r\n<p>E convida a todos no pr\u00f3ximo s\u00e1bado para prestigiarem a Feijoada da Miss\u00e3o.</p>\r\n<p>Ao encerramento o Presidente marcou a Pr\u00f3xima Sess\u00e3o Ordin\u00e1ria para o dia 07 de agosto as 19 horas.</p>\r\n<p>Acesse a \u00edntegra da Sess\u00e3o <a href=\"https://www.youtube.com/watch?v=MO_lp5pHZO8\">aqui.</a></p>\r\n<p>Curta e siga a P\u00e1gina da C\u00e2mara assim saber\u00e1 tudo que o ocorre no legislativo do Munic\u00edpio.</p>\r\n<p>\u00a0</p>", "author_name": "", "version": "1.0", "author_url": "https://www.imbuia.sc.leg.br/author/imb", "provider_name": "C\u00e2mara de Vereadores de Imbuia", "type": "rich"}