{"provider_url": "https://www.imbuia.sc.leg.br", "title": "23\u00aa Sess\u00e3o Ordin\u00e1ria (01.08.2022)", "html": "<p>\u00a0</p>\r\n<p>A C\u00e2mara Municipal de Imbuia retornou com os trabalhos ordin\u00e1rios com a reunia desta segunda-feira (01), a vig\u00e9sima terceira Sess\u00e3o Ordin\u00e1ria do ano de 2022.</p>\r\n<p>EXPEDIENTE</p>\r\n<p><b>PROJETO DE RESOLU\u00c7\u00c3O N\u00ba 05/2022</b> \u2013 Autoria: Mesa Diretora/Legislativo =&gt; Autoriza a participa\u00e7\u00e3o de Vereadores e Servidores no Semin\u00e1rio Estadual de Vereadores 2022, a realizar-se entre os dias 16 a 19 de agosto de 2022, em Florian\u00f3polis - SC, evento promovido pela Uni\u00e3o dos Vereadores de Santa Catarina \u2013 UVESC.</p>\r\n<p>\u00a0</p>\r\n<p>ORDEM DO DIA</p>\r\n<p>1\u00aa DISCUSS\u00c3O E VOTA\u00c7\u00c3O DO <b>PROJETO DE LEI N\u00ba 14/2022</b> \u2013 Autoriza o Executivo Municipal a suplementar dota\u00e7\u00f5es or\u00e7ament\u00e1rias e d\u00e1 outras provid\u00eancias. <b>Aprovado por unanimidade</b></p>\r\n<p>VOTA\u00c7\u00c3O DO <b>PROJETO DE RESOLU\u00c7\u00c3O N\u00ba 05/2022</b> \u2013 Autoria: Mesa Diretora/Legislativo =&gt; Autoriza a participa\u00e7\u00e3o de Vereadores e Servidores no Semin\u00e1rio Estadual de Vereadores 2022, a realizar-se entre os dias 16 a 19 de agosto de 2022, em Florian\u00f3polis - SC, evento promovido pela Uni\u00e3o dos Vereadores de Santa Catarina \u2013 UVESC. <b>Aprovado por Unanimidade.</b><b></b></p>\r\n<p>\u00a0</p>\r\n<p>EXPLICA\u00c7\u00d5ES PESSOAIS</p>\r\n<p><b>Vereador Leonir Pedro Braun (PODEMOS) </b>relatou da participa\u00e7\u00e3o de curso que participou junto com o Vereador Altair sobre Processo e Procedimentos Legislativos. Organizado pelo CEAP na cidade de Florian\u00f3polis nos dias 26, 27,28 e 29 de julho. Onde viram sobre os conceitos do Processo Legislativo, as fases e as esp\u00e9cies dos procedimentos. Destacando que o Vereador \u00e9 importante pois as pessoas os escolheram para representa-las. Por isso fiscalize melhor, legisle mais e sugira muito. Representando quem o escolheu melhor.</p>\r\n<p><b>Vereador Aldori Rengel (MDB) </b>agradece a Secret\u00e1rio de obras pelo atendimento de pedidos apresentado.</p>\r\n<p>Parabeniza os moradores da Rua Nicolau Bernardo aonde ir\u00e3o iniciar o cal\u00e7amento dela e mais alguns dias estar\u00e1 cal\u00e7ada e com passeio.</p>\r\n<p>Avisa aos Vereadores para estarem conversando com os moradores de comunidade para que possam estar olhando os nomes das entradas e tifas. Pois o Executivo adquiriu placas e alguns nomes de tifas n\u00e3o fazem sentido. Assim para facilitar o acesso e homenagear os moradores e fam\u00edlias que verdadeiramente residem nestes locais.\u00a0 \u00a0\u00a0</p>\r\n<p><b>Vereadora Giani Ferreira da Silva (PP) </b>responde aos mun\u00edcipes que o Munic\u00edpio n\u00e3o pode realizar o servi\u00e7o de limpeza de fossa. E em conversa com a fiscal sanit\u00e1ria Tatiana e pegaram Projeto e j\u00e1 apresentou a administra\u00e7\u00e3o para que o Executivo tenha um local de armazenamento regulado e que uma empresa especializada de tempos em tempo recolhas os res\u00edduos. O que diminuiria o custo a quem precisa do servi\u00e7o e evitaria descartes irregulares</p>\r\n<p>\u00a0Ao encerramento o Senhor Presidente marcou a Pr\u00f3xima Sess\u00e3o Ordin\u00e1ria para o dia 08 de agosto as 19:00horas.</p>\r\n<p>Acesse a integra da Sess\u00e3o <a href=\"https://www.youtube.com/watch?v=vk3f0RAdHdQ\">aqui</a></p>\r\n<p>Curta e siga a P\u00e1gina da C\u00e2mara assim saber\u00e1 tudo que o ocorre no legislativo do Munic\u00edpio.</p>\r\n<p>\u00a0</p>", "author_name": "", "version": "1.0", "author_url": "https://www.imbuia.sc.leg.br/author/imb", "provider_name": "C\u00e2mara de Vereadores de Imbuia", "type": "rich"}