{"provider_url": "https://www.imbuia.sc.leg.br", "title": "22\u00aa Sess\u00e3o Ordin\u00e1ria (10.07.23)", "html": "<p>\u00a0</p>\r\n<p>A C\u00e2mara Municipal de Imbuia realizou nesta segunda-feira (10) a vig\u00e9sima segunda Sess\u00e3o ordin\u00e1ria de 2023.</p>\r\n<p>EXPEDIENTE</p>\r\n<p>\u00a0</p>\r\n<p><b>PROJETO DE RESOLU\u00c7\u00c3O N\u00ba04/2023 - Autoria Mesa Diretora \u2013 </b>\u201cAutoriza a participa\u00e7\u00e3o de Vereadores e Servidores no curso Emendas Impositivas na Pr\u00e1tica: Elabora\u00e7\u00e3o, Apresenta\u00e7\u00e3o e Execu\u00e7\u00e3o, a realizar-se entre os dias 25 a 28 de julho de 2023, em Florian\u00f3polis - SC, evento promovido pelo Centro de Estudos da Administra\u00e7\u00e3o P\u00fablica - Ceap Brasil.</p>\r\n<p>\u00a0</p>\r\n<p>ORDEM DO DIA</p>\r\n<p>1\u00aa DISCUSS\u00c3O DO <b>PROJETO DE LEI N\u00ba11/2023</b> \u2013 Autoriza o Poder Executivo a realizar despesas com o 61\u00ba Anivers\u00e1rio de Emancipa\u00e7\u00e3o Pol\u00edtico Administrativa do Munic\u00edpio de Imbuia. <b>Aprovado por unanimidade.</b></p>\r\n<p>DISCUSS\u00c3O DO <b>PROJETO DE RESOLU\u00c7\u00c3O N\u00ba04/2023 - Autoria Mesa Diretora \u2013 </b>\u201cAutoriza a participa\u00e7\u00e3o de Vereadores e Servidores no curso Emendas Impositivas na Pr\u00e1tica: Elabora\u00e7\u00e3o, Apresenta\u00e7\u00e3o e Execu\u00e7\u00e3o, a realizar-se entre os dias 25 a 28 de julho de 2023, em Florian\u00f3polis - SC, evento promovido pelo Centro de Estudos da Administra\u00e7\u00e3o P\u00fablica - Ceap Brasil.<b> </b><b>Aprovado por maioria contr\u00e1rio Vereador Marcio Scheimann.</b></p>\r\n<p>\u00a0</p>\r\n<p>\u00a0</p>\r\n<p>EXPLICA\u00c7OES PESSOAIS</p>\r\n<p>.</p>\r\n<p><b>Vereador Leonir Pedro Braun (PODEMOS) </b>parabeniza o Executivo pela melhoria na Estrada da Comunidade de \u00c1guas Cristalinas. Especificamente na entrada facilitando o acesso. E tamb\u00e9m parabeniza sobre a recupera\u00e7\u00e3o das vias urbanas e lombadas que havia pedido.</p>\r\n<p>Parabeniza em especial o Executivo pela Melhoria na Pra\u00e7a da Raiz, pela implanta\u00e7\u00e3o da cerca, melhorias de brinquedos e aquisi\u00e7\u00e3o de brinquedos novos. Ressalta ver os planos acontecendo.</p>\r\n<p>Destaca as placas com informa\u00e7\u00f5es dos nomes das pra\u00e7as bem como seus hist\u00f3ricos \u2013 Pra\u00e7a Jos\u00e9 Hor\u00e1cio Laurindo e Pra\u00e7a Manoel Semmann. E assim como placas com nomes de ruas que sair\u00e3o nos pr\u00f3ximos dias. E tamb\u00e9m o espa\u00e7o com o marco zero e ponto de refer\u00eancia que se torna mais um ponto tur\u00edstico da cidade. Ressaltando que Imbuia \u00e9 uma cidade muito bonita.</p>\r\n<p>\u00a0</p>\r\n<p>Ao encerramento o Presidente marcou a Pr\u00f3xima Sess\u00e3o Ordin\u00e1ria para o dia 17 \u00a0de julho as 19 horas.</p>\r\n<p>Acesse a \u00edntegra da Sess\u00e3o <a href=\"https://www.youtube.com/watch?v=Xnth_Ai7FlI\">aqui.</a></p>\r\n<p>Curta e siga a P\u00e1gina da C\u00e2mara assim saber\u00e1 tudo que o ocorre no legislativo do Munic\u00edpio.</p>\r\n<p>\u00a0</p>", "author_name": "", "version": "1.0", "author_url": "https://www.imbuia.sc.leg.br/author/imb", "provider_name": "C\u00e2mara de Vereadores de Imbuia", "type": "rich"}