{"provider_url": "https://www.imbuia.sc.leg.br", "title": "21\u00aa Sess\u00e3o Ordin\u00e1ria (04.07.2022)", "html": "<p>\u00a0</p>\r\n<p>A C\u00e2mara Municipal de Imbuia realizou nesta segunda-feira (04) a vig\u00e9sima primeira Sess\u00e3o Ordin\u00e1ria do ano de 2022.</p>\r\n<p>EXPEDIENTE</p>\r\n<p><b>PROJETO DE LEI N\u00ba19/2022</b> \u2013 \u201cDisp\u00f5e sobre medidas de desburocratiza\u00e7\u00e3o e simplifica\u00e7\u00e3o do ambiente de neg\u00f3cios e quanto a formaliza\u00e7\u00e3o e funcionamento de empres\u00e1rios e pessoas jur\u00eddicas no Munic\u00edpio de Imbuia\u201d.</p>\r\n<p><b>PROJETO DE LEI N\u00ba20/2022</b> \u2013 \u201cAutoriza o Poder Executivo a realizar despesas com o 60\u00ba Anivers\u00e1rio do Munic\u00edpio de Imbuia\u201d</p>\r\n<p>\u00a0</p>\r\n<p>MOMENTO DA PRESID\u00caNCIA</p>\r\n<p><b>Vereador</b> <b>Presidente Jorge Luiz Sardo (MDB) </b>relatou da participa\u00e7\u00e3o entre dias 28 de junho e 01 de julho juntamente com o Vereador Ant\u00f4nio Truppel e Servidores Marcos Ant\u00f4nio de Souza e Laudir Givanildo Schivindan no curso em Florian\u00f3polis de \u201cComo Fiscalizar e fazer cumprir o or\u00e7amento p\u00fablico municipal\u201d. Relatando os temas abordados destacando a import\u00e2ncia do planejamento para o desenvolvimento de uma cidade. Colocou que aproveito e visitou o gabinete do Deputado Jerry e aonde pode fazer cobran\u00e7as.</p>\r\n<p>Agradeceu ao atendimento do pedido na semana anterior sobre o canteiro. E faz solicita\u00e7\u00e3o para que o Executivo Municipal na Pra\u00e7a da Raiz h\u00e1 brinquedos e equipamentos de ginastica que necessitam de reparos. Assim refor\u00e7a o pedido j\u00e1 feito por outro Vereadores para que seja realizada uma reforma e revitaliza\u00e7\u00e3o na pra\u00e7a. Ressaltando que a pra\u00e7a \u00e9 ponto de chegada da cidade.</p>\r\n<p>ORDEM DO DIA</p>\r\n<p>2\u00aa DISCUSS\u00c3O E VOTA\u00c7\u00c3O DO <b>PROJETO DE LEI COMPLEMENTAR N\u00ba 05/2022</b> \u2013 Altera a Lei Complementar n\u00ba 35, de 21 de dezembro de2006, que disp\u00f5e sobre o Plano de Carreira do Magist\u00e9rio P\u00fablico Municipal de Imbuia. <b>Aprovado por unanimidade.</b></p>\r\n<p>2\u00aa DISCUSS\u00c3O E VOTA\u00c7\u00c3O DO <b>PROJETO DE LEI N\u00ba 16/2022</b> \u2013 Autoria: Mesa Diretora/Legislativo =&gt; Disp\u00f5e sobre o remanejamento de cr\u00e9dito suplementar no or\u00e7amento vigente do Poder Legislativo do Munic\u00edpio de Imbuia e d\u00e1 outras provid\u00eancias.<b> Aprovado por unanimidade.</b></p>\r\n<p>2\u00aa DISCUSS\u00c3O E VOTA\u00c7\u00c3O DO <b>PROJETO DE LEI N\u00ba 17/2022</b> \u2013 Autoriza o executivo Municipal realizar os pagamentos das premia\u00e7\u00f5es do Campeonato de Futsal de Localidades de 2022 e da outra provid\u00eancia. <b>Aprovado por unanimidade.</b><b></b></p>\r\n<p>1\u00aa DISCUSS\u00c3O E VOTA\u00c7\u00c3O DO <b>PROJETO DE LEI COMPLEMENTAR N\u00ba 06/2022</b> \u2013 Altera a Lei Complementar n\u00ba 12, de 28 de setembro de 2003, Estrutura, Quadro de Pessoal e o Plano de Carreira dos Servidores P\u00fablicos Municipais do Munic\u00edpio de Imbuia. <b>Aprovado por unanimidade</b></p>\r\n<p>\u00a01\u00aa DISCUSS\u00c3O E VOTA\u00c7\u00c3O DO <b>PROJETO DE LEI N\u00ba 18/2022</b> \u2013 Cria o Incentivo Financeiro por Desempenho (IFD), no \u00e2mbito do Programa Federal \u201cPrevine Brasil\u201d, e d\u00e1 outras provid\u00eancias.<b> Aprovado por unanimidade</b></p>\r\n<p>\u00a0</p>\r\n<p>EXPLICA\u00c7\u00d5ES PESSOAIS</p>\r\n<p><b>Vereador Altair Rengel (PP) </b>solicito envio de of\u00edcios de agradecimento ao Deputados Jos\u00e9 Milton Scheffer e Silvio Dreveck por recursos destinados ao munic\u00edpio. Sendo do Deputado Jos\u00e9 Milton Scheffer R$250.000,00 (duzentos e cinquenta mil reais) para pavimenta\u00e7\u00e3o de ruas, R$247.000,00 (duzentos e quarenta e sete mil reais) para aquisi\u00e7\u00e3o de um \u00f4nibus, um ve\u00edculo para APAE no valor de R$84.500,00 (oitenta e quatro mil e quinhentos reais), a cobertura da APAE no valor de R$250.000,00 (duzentos e cinquenta mil reais), R$100.000,00 reais (cem mil reais) Centro de Educa\u00e7\u00e3o Infantil, e R$150.000,00 (cento e cinquenta mil) em implementos. E recebido do Deputado Silvio Dreveck o valor de R$200.000,00 (duzentos mil reais). \u00a0\u00a0</p>\r\n<p>Ao encerramento o Senhor Presidente marcou a Pr\u00f3xima Sess\u00e3o Ordin\u00e1ria para o dia 11 de julho as 19:00horas.</p>\r\n<p>Acesse a integra da Sess\u00e3o <a href=\"https://www.youtube.com/watch?v=w2DJWdScqVY\">aqui</a></p>\r\n<p>Curta e siga a P\u00e1gina da C\u00e2mara assim saber\u00e1 tudo que o ocorre no legislativo do Munic\u00edpio.</p>\r\n<p>\u00a0</p>", "author_name": "", "version": "1.0", "author_url": "https://www.imbuia.sc.leg.br/author/imb", "provider_name": "C\u00e2mara de Vereadores de Imbuia", "type": "rich"}