{"provider_url": "https://www.imbuia.sc.leg.br", "title": "21\u00aa Sess\u00e3o Ordin\u00e1ria (03.07.23)", "html": "<p>\u00a0</p>\r\n<p>A C\u00e2mara Municipal de Imbuia realizou nesta segunda-feira (03) a vig\u00e9sima primeira Sess\u00e3o ordin\u00e1ria de 2023.</p>\r\n<p>EXPEDIENTE</p>\r\n<p><b>PROJETO DE LEI COMPLEMENTAR N\u00ba08/2023</b> \u2013 Autoria Executivo Municipal \u2013 \u201cDisp\u00f5e sobre o disposto no art. 15-C da Lei Federal n. 7.498/1986 (Piso Nacional da Enfermagem), aos enfermeiros, t\u00e9cnicos de enfermagem, auxiliar de enfermagem e parteiras fica institu\u00eddo o direito \u00e0 percep\u00e7\u00e3o de Parcela Vari\u00e1vel de Complementa\u00e7\u00e3o Remunerat\u00f3ria e d\u00e1 outras provid\u00eancias\u201d.</p>\r\n<p><b>PROJETO DE LEI COMPLEMENTAR N\u00ba09/2023</b> - Autoria Executivo Municipal \u2013 \u201cDisp\u00f5e sobre o Quadro de Pessoal e o Plano de Carreira e Vencimentos da Administra\u00e7\u00e3o Direta do Poder Executivo Municipal de Imbuia e d\u00e1 outras provid\u00eancias\u201d. \u00a0</p>\r\n<p>\u00a0</p>\r\n<p>ORDEM DO DIA</p>\r\n<p>2\u00aa DISCUSS\u00c3O E VOTA\u00c7\u00c3O DO PROJETO DE LEI COMPLEMENTAR N\u00ba 07/2023. Altera a Lei Complementar n\u00ba12, de 2003, que trata da Estrutura, Quadro de Pessoal e o Plano de Carreira dos Servidores P\u00fablicos Municipais; Altera a Lei Complementar n\u00ba113, de 2021, que cria os empregos p\u00fablicos de Agente Comunit\u00e1rio de Sa\u00fade e Agente de Combate \u00e0s Endemias; e d\u00e1 outras provid\u00eancias. <b>Aprovado por maioria impedidas Vereadora Ketrin Priscilla Sell e Vereadora Giani Ferreira da Silva.</b><b></b></p>\r\n<p>\u00a0</p>\r\n<p>2\u00aa DISCUSS\u00c3O E VOTA\u00c7\u00c3O DO PROJETO DE LEI N\u00ba13/2023 - Autoria: Executivo Municipal - \"Ratifica as altera\u00e7\u00f5es realizadas no Protocolo de Inten\u00e7\u00f5es consubstanciado no Contrato de Cons\u00f3rcio P\u00fablico da Ag\u00eancia Reguladora Intermunicipal de Saneamento (ARIS), e d\u00e1 outras provid\u00eancias\".<b> Aprovado por unanimidade.</b><b></b></p>\r\n<p>1\u00aa DISCUSS\u00c3O DO <b>PROJETO DE LEI N\u00ba11/2023</b> \u2013 Autoriza o Poder Executivo a realizar despesas com o 61\u00ba Anivers\u00e1rio de Emancipa\u00e7\u00e3o Pol\u00edtico Administrativa do Munic\u00edpio de Imbuia. Aprovado por unanimidade.<b></b></p>\r\n<p><b>\u00a0</b></p>\r\n<p><b>MOMENTO DA PRESID\u00caNCIA</b></p>\r\n<p><b>Vereador Presidente Ezair Erhardt </b>agradece ao Executivo municipal pela troca de l\u00e2mpadas realizadas na comunidade de Samambaia onde havia muitas l\u00e2mpadas queimadas.<b></b></p>\r\n<p><b>\u00a0</b></p>\r\n<p>\u00a0</p>\r\n<p>\u00a0</p>\r\n<p>EXPLICA\u00c7OES PESSOAIS</p>\r\n<p><b>Vereador Ant\u00f4nio Truppel (PODEMOS) </b>relatou da participa\u00e7\u00e3o do Curso organizado pelo CEAP entre os dia 27 a 30 de junho juntamente com o Vereador Altair Rengel e os Servidores Marcos Ant\u00f4nio de Souza e Laudir Givanildo Schvindan. Tendo como tema a comunica\u00e7\u00e3o interpessoal.</p>\r\n<p>Agradece ao Executivo pelas obras realizadas na Comunidades de Nova Alemanha e Chapad\u00e3o Unida. Destacando ser um bom trabalho.</p>\r\n<p><b>Vereador Leonir Pedro Braun (PODEMOS) </b>solicitou oficio ao Executivo para que fosso instalados nos portais de acesso ao centro do munic\u00edpio as fotos hist\u00f3ricas. As atuais est\u00e3o apagadas, assim revitalizando estes pontos.</p>\r\n<p>Solicita tamb\u00e9m aten\u00e7\u00e3o quanto ao canteiro na Rua 25 de novembro para que fosse trocadas as flores, pois, as que est\u00e3o s\u00e3o muito altas e dificultam a vis\u00e3o dos motoristas.</p>\r\n<p>Apresenta sobre Reuni\u00e3o da UCAVI com tema import\u00e2ncia do Vereador. Ressaltando que os Vereadores s\u00e3o empregados das pessoas, estando aqui somente para representa-las. Apresentando as fun\u00e7\u00f5es dos Vereadores ressaltando a import\u00e2ncia do mesmo para o munic\u00edpio. Pede que mais pessoas t\u00eam participem das Sess\u00f5es. E conclui que o Vereador n\u00e3o Executa, que isso \u00e9 de responsabilidade do Executivo e que muitos n\u00e3o entendem.</p>\r\n<p><b>Vereador Altair Rengel (PP) </b>relatou da participa\u00e7\u00e3o do Curso organizado pelo CEAP entre os dia 27 a 30 de junho com os Professores Julio Cesar, Gabriela Schelp, Mario May e Andrea Artigas. Colocando como um excelente curso.</p>\r\n<p>Aproveitando visitou a ALESC aonde solicitou verbas para pavimenta\u00e7\u00e3o do munic\u00edpio.</p>\r\n<p><b>Vereador Aldori Rengel (MDB) </b>respondendo a quem diz que Vereador n\u00e3o faz nada apresenta as inaugura\u00e7\u00f5es de ruas (Nicolau Bernado e trecho da Avenida Bernadino de Andrade). Aonde a Rua Nicolau Bernado foi uma emenda que pediu ao ent\u00e3o Deputado Jerry. Falando somente dela quando foi licitada a empresa para realizar a obra. Assim agrade ao Deputado Jerry que possibilitou a emenda de 200.000,00 e ao Executivo que realizou a obra com contrapartida de 234.000,00.</p>\r\n<p><b>Vereador Jorge Luiz Sardo (MDB) </b>agradece e parabeniza a administra\u00e7\u00e3o pela instala\u00e7\u00e3o de galeria na Rua Davi Kammers e que na ultima semana colocou pavimenta\u00e7\u00e3o. Agradece tamb\u00e9m pelas instala\u00e7\u00f5es de lombadas e pelas corre\u00e7\u00f5es nas malhas vi\u00e1rias no centro, atendendo assim pedido dos Vereadores.</p>\r\n<p>Agradece ao Deputado Jerry, hoje secret\u00e1rio de infraestrutura que esteve no munic\u00edpio inaugurando obras que foram poss\u00edveis gra\u00e7as a emendas dele. A Rua Nicolau Bernado e o trecho da Avenida Bernadino de Andrade.</p>\r\n<p>Apresenta que foram garantidos mais 1 milh\u00e3o de reais para o munic\u00edpio estar realizando mais pavimenta\u00e7\u00f5es.</p>\r\n<p>Coloca que em agosto ser\u00e1 entregue a obra de asfalto e conten\u00e7\u00e3o da Serra de acesso a Ilha Grande. Aonde houve esfor\u00e7o de Prefeito e Vereadores e o apoio do Deputado Jerry possibilitando que aconte\u00e7a.</p>\r\n<p>Ao encerramento o Presidente marcou a Pr\u00f3xima Sess\u00e3o Ordin\u00e1ria para o dia 10 \u00a0de julho as 19 horas.</p>\r\n<p>Acesse a \u00edntegra da Sess\u00e3o <a href=\"https://www.youtube.com/watch?v=5d4ccXm3cv4\">aqui.</a></p>\r\n<p>Curta e siga a P\u00e1gina da C\u00e2mara assim saber\u00e1 tudo que o ocorre no legislativo do Munic\u00edpio.</p>\r\n<p>\u00a0</p>", "author_name": "", "version": "1.0", "author_url": "https://www.imbuia.sc.leg.br/author/imb", "provider_name": "C\u00e2mara de Vereadores de Imbuia", "type": "rich"}