{"provider_url": "https://www.imbuia.sc.leg.br", "title": "19\u00aa Sess\u00e3o Ordin\u00e1ria (20.06.2022)", "html": "<p>\u00a0</p>\r\n<p>A C\u00e2mara Municipal de Imbuia realizou nesta segunda-feira (20) a d\u00e9cima nona Sess\u00e3o Ordin\u00e1ria do ano de 2022.</p>\r\n<p>\u00a0</p>\r\n<p>EXPEDIENTE</p>\r\n<p>PROJETO DE LEI COMPLEMENTAR N\u00ba 06/2022 \u2013 Altera a Lei Complementar n\u00ba 12, de 28 de setembro de 2003, Estrutura, Quadro de Pessoal e o Plano de Carreira dos Servidores P\u00fablicos Municipais do Munic\u00edpio de Imbuia e d\u00e1 outras provid\u00eancias;</p>\r\n<p>PROJETO DE LEI N\u00ba 18/2022 \u2013 Cria o Incentivo Financeiro por Desempenho (IFD), no \u00e2mbito do Programa Federal \u201cPrevine Brasil\u201d, e d\u00e1 outras provid\u00eancias.</p>\r\n<p>MOMENTO DA PRESID\u00caNCIA</p>\r\n<p>Vereador <b>Presidente Jorge Luiz Sardo (MDB) </b>agradeceu ao Executivo e Secretaria de Obras pelo atendimento do seu pedido a limpeza da travessia urbana da comunidade de Vista Alegre.</p>\r\n<p>Convida a todos a participarem da festa da capela da comunidade de Vista Alegre a acontecer entre os dias 24 e 26.</p>\r\n<p><b>\u00a0</b></p>\r\n<p>EXPLICA\u00c7\u00d5ES PESSOAIS</p>\r\n<p><b>Vereador Altair Rengel (PP)</b> solicitou ao Diretor de Obras Urbana para na rua Adolfo Mello, na ponte, em suas duas cabeceiras a um degrau de aproximadamente cinco cent\u00edmetros. Solicita ao Diretor que desse aten\u00e7\u00e3o e fizesse a corre\u00e7\u00e3o necess\u00e1ria na ponte.</p>\r\n<p><b>Vereador Leonir Pedro Braun (PODEMOS) </b>agradece ao Deputado Federal Rodrigo Coelho do PODEMOS pela destina\u00e7\u00e3o de uma emenda de cem mil reais para Secretaria de Sa\u00fade, da qual j\u00e1 est\u00e1 a disposi\u00e7\u00e3o. Sendo um pedido da bancada, vice prefeito e secret\u00e1rios do partido.</p>\r\n<p>Agradece ao Executivo e aos Secret\u00e1rios de Obra e Agricultura por sempre atender aos pedidos feitos a eles.</p>\r\n<p>\u00a0</p>\r\n<p>Confira a \u00cdntegra da Sess\u00e3o <a href=\"https://www.youtube.com/watch?v=tsZ3jnUP_uI\">aqui</a>:</p>\r\n<p>Ao encerramento o Senhor Presidente marcou a Pr\u00f3xima Sess\u00e3o Ordin\u00e1ria para o dia 27 de junho as 19:00horas.</p>\r\n<p>Curta e siga a P\u00e1gina da C\u00e2mara assim saber\u00e1 tudo que o ocorre no legislativo do Munic\u00edpio.</p>\r\n<p>\u00a0</p>", "author_name": "", "version": "1.0", "author_url": "https://www.imbuia.sc.leg.br/author/imb", "provider_name": "C\u00e2mara de Vereadores de Imbuia", "type": "rich"}