{"provider_url": "https://www.imbuia.sc.leg.br", "title": "18\u00aa Sess\u00e3o Ordin\u00e1ria (14.06.2022)", "html": "<p>\u00a0</p>\r\n<p>A C\u00e2mara Municipal de Imbuia realizou nesta segunda-feira (14) a d\u00e9cima oitava Sess\u00e3o Ordin\u00e1ria do ano de 2022.</p>\r\n<p>\u00a0</p>\r\n<p>EXPEDIENTE</p>\r\n<p>LEITURA DO PROJETO DE LEI COMPLEMENTAR N\u00ba 05/2022 \u2013 Altera a Lei Complementar n\u00ba 35, de 21 de dezembro de 2006, que disp\u00f5e sobre o Plano de Carreira do Magist\u00e9rio P\u00fablico Municipal de Imbuia;</p>\r\n<p>LEITURA DO PROJETO DE LEI N\u00ba 16/2022 \u2013 Autoria: Mesa Diretora/Legislativo =&gt; Disp\u00f5e sobre o remanejamento de cr\u00e9dito suplementar no or\u00e7amento vigente do Poder Legislativo do Munic\u00edpio de Imbuia e d\u00e1 outras provid\u00eancias.</p>\r\n<p>LEITURA DO PROJETO DE LEI N\u00ba 17/2022 \u2013 Autoria o Executivo Municipal realizar pagamentos das premia\u00e7\u00f5es do Campeonato de Futsal de Localidades de 2022 e d\u00e1 outras provid\u00eancias.</p>\r\n<p>LEITURA DO PROJETO DE RESOLU\u00c7\u00c3O N\u00ba 03/2022 \u2013 Autoria: Mesa Diretora/Legislativo =&gt; Autoriza a participa\u00e7\u00e3o de Vereadores e Servidores no curso Como Fiscalizar e Fazer Cumprir o Or\u00e7amento P\u00fablico Municipal, a realizar-se entre os dias 28 de junho a 01 de julho de 2022, em Florian\u00f3polis - SC, evento promovido pelo Centro de Estudos da Administra\u00e7\u00e3o P\u00fablica - CEAP Brasil.</p>\r\n<p>LEITURA DO INDICA\u00c7\u00c3O N\u00ba 14/2022 \u2013 Autoria: Vereador Leonir Pedro Braun =&gt; Sugere ao Executivo Municipal, que denomine de Bairro Jo\u00e3o Machado, a regi\u00e3o urbana que tem seu in\u00edcio na ponte da Rua Adolfo Mello at\u00e9 o limite do Per\u00edmetro Urbano, sentido Centro/Bracatinga.</p>\r\n<p>\u00a0</p>\r\n<p>MOMENTO DA PRESID\u00caNCIA</p>\r\n<p>Vereador <b>Presidente Jorge Luiz Sardo (MDB) </b>agradeceu ao Governador Carlos Mois\u00e9s e ao Deputado Estadual Jerry Comper pela destina\u00e7\u00e3o de \u00f4nibus para o munic\u00edpio de Imbuia.</p>\r\n<p>Parabeniza a administra\u00e7\u00e3o de Imbuia pela reforma realizada no Gin\u00e1sio de Esportes Horacio Laurindo Machado. Onde est\u00e1 ficando muito bom, ressaltando a quadra nova com pintura.</p>\r\n<p>Parabeniza a Secretaria de Assist\u00eancia por meio da pedagoga Anj\u00e9lia que realiza o trabalho no Servi\u00e7o de Conviv\u00eancia e Fortalecimento de V\u00ednculos pelo atividades que vem desenvolvendo. Destacando visita das crian\u00e7as atendidas ao espa\u00e7o da C\u00e2mara aonde conheceram o trabalho que desenvolve vereador.</p>\r\n<p>Parabeniza o Senhor Aldo Hoegen, morador da Valada Progresso, que desenvolve a atividade de limpar o trecho da rodovia em frente ao seu terreno. Ficando um trecho bonito e assim se cada morador cuidasse do trecho em frente ao seu terreno a rodovia inteira ficaria mais bonita.</p>\r\n<p>Parabeniza organizadores da Festa de Santo Ant\u00f4nio pela realiza\u00e7\u00e3o de evento muito bem organizado e contou com bastante p\u00fablico.\u00a0</p>\r\n<p>\u00a0</p>\r\n<p>ORDEM DO DIA</p>\r\n<p>DISCUSS\u00c3O E VOTA\u00c7\u00c3O DO PROJETO DE RESOLU\u00c7\u00c3O N\u00ba 03/2022 \u2013 Autoria: Mesa Diretora/Legislativo =&gt; Autoriza a participa\u00e7\u00e3o de Vereadores e Servidores no curso Como Fiscalizar e Fazer Cumprir o Or\u00e7amento P\u00fablico Municipal, a realizar-se entre os dias 28 de junho a 01 de julho de 2022, em Florian\u00f3polis - SC, evento promovido pelo Centro de Estudos da Administra\u00e7\u00e3o P\u00fablica - CEAP Brasil. <b>Aprovado por unanimidade. </b><b></b></p>\r\n<p><b>\u00a0</b></p>\r\n<p>EXPLICA\u00c7\u00d5ES PESSOAIS</p>\r\n<p><b>Vereador Leonir Pedro Braun (PODEMOS) </b>iniciou defendendo sua Indica\u00e7\u00e3o para denominar de Bairro Seu Jo\u00e3o a regi\u00e3o que vai da ponte na Rua Adolfo Mello at\u00e9 ao fim do per\u00edmetro urbano na dire\u00e7\u00e3o a Bracatinga. Destacando ser uma homenagem ao Senhor Jo\u00e3o Machado um dos primeiros moradores daquela regi\u00e3o. E apresentou a biografia do homenageado ressaltando os anos que trabalhou com constru\u00e7\u00e3o civil e o empenho em cuidar da sua fam\u00edlia. Apresentado junto o abaixo assinado com o apoio de varias pessoas para que seja dada a denomina\u00e7\u00e3o ao bairro.</p>\r\n<p>Comentou a fala da semana anterior da qual recebeu cartas de repudio dos servidores da Secretaria da Sa\u00fade. E em resposta diz que suas alega\u00e7\u00f5es foram reconhecidas pelos servidores, aonde houve a ocorr\u00eancia, mas que foi por um funcion\u00e1rio terceirizado que na sua pratica \u00e9 considerado um servidor p\u00fablico. E tal alega\u00e7\u00e3o serviu para apura\u00e7\u00e3o do fato. Destaca-se que n\u00e3o houve generaliza\u00e7\u00e3o buscando desestimular os profissionais que prestam trabalho com dedica\u00e7\u00e3o honradez. Lembrando que outras vezes j\u00e1 foram elogiados pelo excelente servi\u00e7o prestado. E citando a Secret\u00e1ria Municipal de Sa\u00fade Andreza Terezinha dos Passos Kreusch e o Diretor do Hospital Ademar da Silva deixa os parab\u00e9ns a todos os profissionais da \u00e1rea da sa\u00fade e o pedido de desculpa caso tenha ofendido. \u00a0\u00a0\u00a0</p>\r\n<p>\u00a0</p>\r\n<p>Confira a \u00cdntegra da Sess\u00e3o <a href=\"https://www.youtube.com/watch?v=tsZ3jnUP_uI\">aqui</a>:</p>\r\n<p>Ao encerramento o Senhor Presidente marcou a Pr\u00f3xima Sess\u00e3o Ordin\u00e1ria para o dia 20 de junho as 19:00horas.</p>\r\n<p>Curta e siga a P\u00e1gina da C\u00e2mara assim saber\u00e1 tudo que o ocorre no legislativo do Munic\u00edpio.</p>\r\n<p>\u00a0</p>", "author_name": "", "version": "1.0", "author_url": "https://www.imbuia.sc.leg.br/author/imb", "provider_name": "C\u00e2mara de Vereadores de Imbuia", "type": "rich"}