{"provider_url": "https://www.imbuia.sc.leg.br", "title": "18\u00aa Sess\u00e3o Ordin\u00e1ria (12.06.2023)", "html": "<p>\u00a0</p>\r\n<p>A C\u00e2mara Municipal de Imbuia realizou nesta segunda-feira (12) a d\u00e9cima oitava Sess\u00e3o ordin\u00e1ria de 2023.</p>\r\n<p>EXPEDIENTE</p>\r\n<p>Foram apresentadas as seguintes Mat\u00e9rias:</p>\r\n<p><b>PROJETO DE LEI COMPLEMENTAR N\u00ba 07/2023</b>. Altera a Lei Complementar n\u00ba12, de 2003, que trata da Estrutura, Quadro de Pessoal e o Plano de Carreira dos Servidores P\u00fablicos Municipais; Altera a Lei Complementar n\u00ba113, de 2021, que cria os empregos p\u00fablicos de Agente Comunit\u00e1rio de Sa\u00fade e Agente de Combate \u00e0s Endemias; e d\u00e1 outras provid\u00eancias.</p>\r\n<p><b>PROJETO DE LEI N\u00ba13/2023</b> - Autoria: Executivo Municipal - \"Ratifica as altera\u00e7\u00f5es realizadas no Protocolo de Inten\u00e7\u00f5es consubstanciado no Contrato de Cons\u00f3rcio P\u00fablico da Ag\u00eancia Reguladora Intermunicipal de Saneamento (ARIS), e d\u00e1 outras provid\u00eancias\".</p>\r\n<p><b>PROJETO DE RESOLU\u00c7\u00c3O N\u00ba. 03, DE 07 DE JUNHO DE 2023</b> - Autoriza a participa\u00e7\u00e3o de Vereadores e Servidores no 1\u00ba Semin\u00e1rio de Comunica\u00e7\u00e3o Parlamentar, a realizar-se entre os dias 27 a 30 de junho de 2023, em Florian\u00f3polis \u2013 SC, evento promovido pelo Centro de Estudos da Administra\u00e7\u00e3o P\u00fablica - Ceap Brasil.</p>\r\n<p>\u00a0</p>\r\n<p>\u00a0\u00a0\u00a0\u00a0\u00a0\u00a0\u00a0\u00a0 MOMENTO DA PRESID\u00caNCIA</p>\r\n<p>Foi concedida a palavra a Representante da Comiss\u00e3o Especial Eleitoral do Conselho Tutelar Senhora <b>Eliana Peixe Ferreira</b> que buscando atender legisla\u00e7\u00f5es apresenta sobre o Processo Eleitoral do Conselho Tutelar. Coloca que o pleito ser\u00e1 no dia 01 de outubro e apresenta as candidatas habilitadas: Aline Cristina Apolin\u00e1rio, Cezonia Boll, Cicera Valeria da Silva, Daiana Capistrano Ferreira, Graciela Capistrano Ferreira, Janille Carina Rachadel Schaffer, Juliana da Silva, Juliane Alflen, Nara Rubia Wanboemell Machado. Onde eras participaram de capacita\u00e7\u00e3o e foram avaliadas e aprovadas. \u00a0</p>\r\n<p>\u00a0</p>\r\n<p>ORDEM DO DIA</p>\r\n<p>2\u00aa DISCUSS\u00c3O E VOTA\u00c7\u00c3O DO <b>PROJETO DE LEI COMPLEMENTAR N\u00ba 04/2023</b> \u2013 Altera a Lei complementar n\u00ba 125, de 7 de dezembro de 2022, Estatuto dos Servidores P\u00fablicos Municipais de Imbuia, e d\u00e1 outras provid\u00eancias. <b>Aprovado por maioria. Impedidas: Vereadora Giane Ferreira da Silva e Vereadora Ketrin Priscila Sell.</b></p>\r\n<p>\u00a02\u00aa DISCUSS\u00c3O E VOTA\u00c7\u00c3O DO <b>PROJETO DE LEI N\u00ba 08/2023</b> \u2013 Autoria: Mesa Diretora =&gt; Regulamenta a concess\u00e3o do aux\u00edlio-alimenta\u00e7\u00e3o aos servidores p\u00fablicos municipais do Poder Legislativo e d\u00e1 outras provid\u00eancias. <b>Aprovado por unanimidade.</b></p>\r\n<p>2\u00aa DISCUSS\u00c3O E VOTA\u00c7\u00c3O DO <b>PROJETO DE LEI N\u00ba 09/2023</b> \u2013 Regulamenta a concess\u00e3o do aux\u00edlio-alimenta\u00e7\u00e3o aos servidores p\u00fablicos municipais do Poder Executivo e d\u00e1 outras provid\u00eancias.<b> Aprovado por maioria. Impedidas: Vereadora Giane Ferreira da Silva e Vereadora Ketrin Priscila Sell.</b><b></b></p>\r\n<p><b>PROJETO DE RESOLU\u00c7\u00c3O N\u00ba. 03, DE 07 DE JUNHO DE 2023</b> - Autoriza a participa\u00e7\u00e3o de Vereadores e Servidores no 1\u00ba Semin\u00e1rio de Comunica\u00e7\u00e3o Parlamentar, a realizar-se entre os dias 27 a 30 de junho de 2023, em Florian\u00f3polis \u2013 SC, evento promovido pelo Centro de Estudos da Administra\u00e7\u00e3o P\u00fablica - Ceap Brasil. <b>Aprovado por unanimidade.</b><b></b></p>\r\n<p><b>\u00a0</b></p>\r\n<p>\u00a0</p>\r\n<p>EXPLICA\u00c7OES PESSOAIS</p>\r\n<p>\u00a0</p>\r\n<p><b>\u00a0</b></p>\r\n<p><b>Vereador Leonir Pedro Braun (PODEMOS) </b>parabeniza a diretoria da Par\u00f3quia Santo Ant\u00f4nio pela festa ao Padroeiro realizada. Que come\u00e7ou na semana anterior com baile de casal. E deixando elogios pela organiza\u00e7\u00e3o.</p>\r\n<p>Parabeniza as candidatas ao cargo de conselho tutelar pera coragem. Ressaltando que lidar\u00e3o com pessoas que precisam de ajuda. Onde hoje executam um trabalho excelente junto a Secretaria de Assist\u00eancia Social.</p>\r\n<p>Ao encerramento o Presidente marcou a Pr\u00f3xima Sess\u00e3o Ordin\u00e1ria para o dia 19 de junho as 19 horas.</p>\r\n<p>Acesse a \u00edntegra da Sess\u00e3o <a class=\"external-link\" href=\"https://www.youtube.com/watch?v=k9IlLBE50HU\" target=\"_self\" title=\"\">aqui.</a></p>\r\n<p>Curta e siga a P\u00e1gina da C\u00e2mara assim saber\u00e1 tudo que o ocorre no legislativo do Munic\u00edpio.</p>\r\n<p>\u00a0</p>\r\n<p>Concedido ao Jorge. Parabeniza as candidatas ao cargo de Conselheiro Tutelar e deseja boa sorte. Convida a todos a prestigiarem aipim com galinha a ser organizado pelo Centro de Educa\u00e7\u00e3o Jardim Florido, na comunidade de Campo das Flores no pr\u00f3ximo s\u00e1bado.</p>", "author_name": "", "version": "1.0", "author_url": "https://www.imbuia.sc.leg.br/author/imb", "provider_name": "C\u00e2mara de Vereadores de Imbuia", "type": "rich"}