{"provider_url": "https://www.imbuia.sc.leg.br", "title": "17\u00aa Sess\u00e3o Ordin\u00e1ria (06.06.2022)", "html": "<p>\u00a0</p>\r\n<p>A C\u00e2mara Municipal de Imbuia realizou nesta segunda-feira (06) a d\u00e9cima s\u00e9tima Sess\u00e3o Ordin\u00e1ria do ano de 2022.</p>\r\n<p>\u00a0</p>\r\n<p>MOMENTO DA PRESID\u00caNCIA</p>\r\n<p>Vereador <b>Presidente Jorge Luiz Sardo (MDB) </b>comentou sobre Audi\u00eancia no DEINFRA na cidade de Lages com a empresa respons\u00e1vel pela obra de asfaltamento na Serra que d\u00e1 acesso a Ilha Grande. Conseguida por meio do Deputado Estadual Jerry, colocou que representou o munic\u00edpio juntamente com o Vereador Ezair e o Pefeito Deny. Onde a empresa est\u00e1 encaminhando, onde esperava realizar a parte topogr\u00e1fica esta semana, mas n\u00e3o conseguiu em virtude do mau tempo. Mas que nos pr\u00f3ximos dias estar\u00e1 iniciando a obra. Ressaltando que ela vai sair do papel, tendo a Ordem de Servi\u00e7o j\u00e1 assinada.</p>\r\n<p>\u00a0</p>\r\n<p>ORDEM DO DIA</p>\r\n<p>2\u00aa DISCUSS\u00c3O E VOTA\u00c7\u00c3O DO <b>PROJETO DE LEI N\u00ba 13/2022</b> \u2013 Altera a Lei n\u00ba 1.717 de 10 de abril de 2019, concede o Aux\u00edlio Alimenta\u00e7\u00e3o aos Conselheiros Tutelares. <b>Aprovado por unanimidade.</b><b></b></p>\r\n<p><b>\u00a0</b></p>\r\n<p>EXPLICA\u00c7\u00d5ES PESSOAIS</p>\r\n<p><b>Vereador Leonir Pedro Braun (PODEMOS) </b>iniciou solicitando oficio de condol\u00eancias \u00e0 fam\u00edlia de Laudir Luiz Ribeiro funcion\u00e1rio da Prefeitura e que muitos anos dedicou \u2013 se ao munic\u00edpio. E tamb\u00e9m pede oficio de condol\u00eancias \u00e0 fam\u00edlia de Valderi Laurentino da Rosa mais conhecido por Dorica.</p>\r\n<p>Solicitou envio de oficio a Secretaria de Sa\u00fade Andressa para que explicasse a comunidade a\u00e7\u00f5es que podem ser tomadas e n\u00e3o podem ser tomadas pela \u00e1rea da sa\u00fade. Onde a muitas coisas que a lei n\u00e3o permite realizar e a popula\u00e7\u00e3o acaba por condenar os gestores. Destacando que ela est\u00e1 executando um belo trabalho.</p>\r\n<p>Comentou sobre relatos de maus tratos que a popula\u00e7\u00e3o sofreu por funcion\u00e1rios p\u00fablicos. Pessoas que foram mal tratadas e com estupidez. Havendo casos de at\u00e9 rasgar uma receita m\u00e9dica. Assim pede que tratem bem as pessoas do munic\u00edpio, se n\u00e3o est\u00e1 contente com o servi\u00e7o que pe\u00e7a a conta. Se est\u00e1 tendo um dia ruim que n\u00e3o desconte na popula\u00e7\u00e3o que \u00e9 a respons\u00e1vel pelo pagamento do seu sal\u00e1rio por meio de impostos. E assim pede a todos os funcion\u00e1rios p\u00fablicos do munic\u00edpio independente do setor. Que atendam com mais simpatia.</p>\r\n<p>\u00a0\u00a0\u00a0\u00a0\u00a0Comentou sobre a Policia Militar, entendendo que n\u00e3o tem autonomia sobre eles. Mas apresenta que a\u00e7\u00f5es da Policia tem sido de covardia, multando a pessoas que trafegam sem ao menos para-las. Onde h\u00e1 relatos multadas por estarem sem cinto e com som alto, sendo o som normal do ve\u00edculo. Colocando que se \u00e9 proibido som no ve\u00edculo que se pro\u00edba ent\u00e3o as fabricas, pois o som que havia era o original da f\u00e1brica. Ressaltando ser um munic\u00edpio pacato, composto de pessoas trabalhadoras e honestas e que dessa forma \u00e9 injusto o que est\u00e3o fazendo com a popula\u00e7\u00e3o.</p>\r\n<p>\u00a0\u00a0 \u00a0\u00a0</p>\r\n<p><b>Vereadora Giani Ferreira da Silva (PP) </b>solicitou envio de oficio de agradecimento ao Deputado Estadual Jos\u00e9 Milton Scheffer do Progressistas que destinou a quantia de 244 mil reais para realiza\u00e7\u00e3o da reforma da cobertura da APAE. E assim agradecendo e que ele possa continuar ajudando o munic\u00edpio. \u00a0</p>\r\n<p>\u00a0 \u00a0\u00a0</p>\r\n<p>Confira a \u00cdntegra da Sess\u00e3o <a href=\"https://www.youtube.com/watch?v=yhr1tY3lBZA&amp;t=1698s\">aqui</a>:</p>\r\n<p>Ao encerramento o Senhor Presidente marcou a Pr\u00f3xima Sess\u00e3o Ordin\u00e1ria para o dia 14 de junho as 18:30 horas.</p>\r\n<p>Curta e siga a P\u00e1gina da C\u00e2mara assim saber\u00e1 tudo que o ocorre no legislativo do Munic\u00edpio.</p>\r\n<p>\u00a0</p>", "author_name": "", "version": "1.0", "author_url": "https://www.imbuia.sc.leg.br/author/imb", "provider_name": "C\u00e2mara de Vereadores de Imbuia", "type": "rich"}