{"provider_url": "https://www.imbuia.sc.leg.br", "title": "16\u00aa Sess\u00e3o Ordin\u00e1rio", "html": "<p>\u00a0</p>\r\n<p>A C\u00e2mara Municipal de Imbuia realizou nesta segunda-feira (29) a d\u00e9cima sexta Sess\u00e3o ordin\u00e1ria de 2023.</p>\r\n<p>EXPEDIENTE</p>\r\n<p>Foram apresentadas as seguintes Mat\u00e9rias:</p>\r\n<p><b>PROJETO DE LEI COMPLEMENTAR N\u00ba 05/2023</b> \u2013 Acrescenta, altera e revoga dispositivos na Lei Complementar n\u00ba 7, de 30 de dezembro de 2002 que institui o C\u00f3digo Tribut\u00e1rio do Munic\u00edpio de Imbuia.</p>\r\n<p><b>PROJETO DE LEI COMPLEMENTAR N\u00ba 06/2023</b> \u2013 Revoga dispositivos na Lei Complementar n\u00ba 93, de 16 de dezembro de 2015, que institui o C\u00f3digo Sanit\u00e1rio Municipal de Imbuia.</p>\r\n<p><b>PROJETO DE LEI N\u00ba 11/2023</b> \u2013 Autoriza o Poder Executivo a realizar despesas com o 61\u00ba Anivers\u00e1rio de Emancipa\u00e7\u00e3o Pol\u00edtico Administrativa do Munic\u00edpio de Imbuia.</p>\r\n<p><b>INDICA\u00c7\u00c3O N\u00ba 12/2023</b> \u2013 Autoria: Leonir Pedro Braun =&gt; Sugere ao Executivo Municipal que implante uma lombada f\u00edsica na Avenida Bernardino de Andrade, na altura do galp\u00e3o do Senhor Pedro Capistrano Ferreira (Pedr\u00e3o).</p>\r\n<p><b>REQUERIMENTO N\u00ba 04/2023</b> \u2013 Autoria: Vereadores das Bancadas do MDB e PP =&gt; Requer a atua\u00e7\u00e3o do Controlador Interno do Munic\u00edpio, executando auditoria junto as despesas realizadas nos Exerc\u00edcios de 2020, 2021 e 2022, referente a manuten\u00e7\u00e3o da frota de ve\u00edculos e m\u00e1quinas da municipalidade.</p>\r\n<p>\u00a0\u00a0\u00a0\u00a0\u00a0\u00a0\u00a0\u00a0 MOMENTO DA PRESID\u00caNCIA</p>\r\n<p><b>Vereador Presidente Ezair Erhardt (MDB) </b>comentou sobre a obra da Chapad\u00e3o Unida a qual ficou muito bom. E provavelmente n\u00e3o ira incomodar por bastante tempo.</p>\r\n<p>\u00a0</p>\r\n<p>ORDEM DO DIA</p>\r\n<p>1\u00aa DISCUSS\u00c3O E VOTA\u00c7\u00c3O DO <b>PROJETO DE LEI N\u00b0 10/2023</b> \u2013 Disp\u00f5e sobre denomina\u00e7\u00e3o do Centro de Triagem Municipal \u201cOrli Valdemiro da Silva\u201d.<b> Aprovado por unanimidade.</b></p>\r\n<p>\u00a0DISCUSS\u00c3O E VOTA\u00c7\u00c3O DO <b>REQUERIMENTO N\u00ba 04/2023</b> \u2013 Autoria: Vereadores das Bancadas do MDB e PP =&gt; Requer a atua\u00e7\u00e3o do Controlador Interno do Munic\u00edpio, executando auditoria junto as despesas realizadas nos Exerc\u00edcios de 2020, 2021 e 2022, referente a manuten\u00e7\u00e3o da frota de ve\u00edculos e m\u00e1quinas da municipalidade. <b>Aprovado por maioria. Contrario Vereadores Ant\u00f4nio Truppel e Leonir Pedro Braun.</b><b></b></p>\r\n<p>\u00a0</p>\r\n<p>EXPLICA\u00c7OES PESSOAIS</p>\r\n<p>\u00a0</p>\r\n<p><b>Vereador Jorge Luiz Sardo (MDB) </b>convida a todos a participarem do Semin\u00e1rio Nacional da Cebola que ocorre esta semana, de quarta a sexta-feira na cidade de Aurora. Destacando ser uma oportunidade para os produtores obterem conhecimento de outras regi\u00f5es e de aqui tamb\u00e9m.</p>\r\n<p>Solicita envio de oficio ao Executivo Municipal que coloque em pratica a Lei municipal 1.322 de 2007 sobre incentivos econ\u00f4micos e isen\u00e7\u00f5es fiscais para empresas industriais comerciais prestadores de servi\u00e7os e cooperativas e da outras provid\u00eancias. Justifica que comentasse muito de \u00e1rea industrial e n\u00e3o \u00e9 implantada. E aonde h\u00e1 uma empresa em sua comunidade que j\u00e1 \u00e9 de grande porte e que na expectativa de sair a \u00e1rea a industrial. E assim a empresa j\u00e1 adquiriu o terreno e eles aguardam algum incentivo do munic\u00edpio e at\u00e9 sugerindo a terraplanagem para instala\u00e7\u00e3o da sede da empresa.</p>\r\n<p>Informa sobre a libera\u00e7\u00e3o do tr\u00e2nsito na serra da ilha grande. Aonde j\u00e1 est\u00e3o arrumando para colocar o asfalto e logo estar\u00e1 pronto.</p>\r\n<p><b>\u00a0</b></p>\r\n<p><b>Vereador Leonir Pedro Braun (PODEMOS) </b>justifica a Indica\u00e7\u00e3o n\u00ba12/2023 sobre lombada f\u00edsica na proximidade do galp\u00e3o do Pedro Capistrano Ferreira. E refor\u00e7a o pedido para implanta\u00e7\u00e3o de lombada na Rua Celso Ramos. Refor\u00e7a que \u00e9 contra lombada, mas prefere pedir uma lombada do que fechar uma rua depois que morre algu\u00e9m. E que entende ser necess\u00e1rio mudar a mentalidade das pessoas.</p>\r\n<p>Solicita o envio de oficio de Condol\u00eancias a fam\u00edlia de Jo\u00e3o Koenig que faleceu no dia anterior.</p>\r\n<p><b>Vereador Aldori Rengel (MDB) </b>agradeceu ao Secret\u00e1rio de Obras pelo trabalho realizado na estrada de Chapad\u00e3o Unida, destacando que ficou bem feito. E agradece tamb\u00e9m pelo atendimento de pedidos.</p>\r\n<p>Responde a Indica\u00e7\u00e3o do Vereador Altair sobre a placa dizendo que conversou com o Dono e aonde a placa foi colocado pelo dono anterior, j\u00e1 falecido. E que ir\u00e1 conversar com a administra\u00e7\u00e3o para ver qual a medida a ser tomada.</p>\r\n<p>Ressalta ainda que a maiores preocupa\u00e7\u00f5es para a Administra\u00e7\u00e3o Municipal, exemplo a \u00e1rea industrial citada pelo Vereador Jorge. Aonde empresas que teriam interesse em se instalar e as que tem no munic\u00edpio. O sinal de telefone que \u00e9 prec\u00e1rio. A situa\u00e7\u00e3o das margens dos rios. S\u00e3o situa\u00e7\u00f5es mais priorit\u00e1rias.</p>\r\n<p>\u00a0<b>Vereador Altair Rengel (PP) </b>refor\u00e7ando fala do Vereador Aldori que as comunidades do interior n\u00e3o t\u00eam acesso a sinal de celular e que muitos locais so h\u00e1 comunica\u00e7\u00e3o por meio de rede de internet.</p>\r\n<p>Agradece a todos que colaboraram no Almo\u00e7o que seguiu com Bingo em prol do Centro de Educa\u00e7\u00e3o Infantil Pequeno Polegar. Em especial ao Grupo de Amantes da Velocidade e Pais e Professores da Institui\u00e7\u00e3o.</p>\r\n<p>Ao encerramento o Presidente marcou a Pr\u00f3xima Sess\u00e3o Ordin\u00e1ria para o dia 05 de junho as 19 horas.</p>\r\n<p>Acesse a \u00edntegra da Sess\u00e3o <a href=\"https://www.youtube.com/watch?v=VLiBNBSju8I&amp;t=2323s\">aqui.</a></p>\r\n<p>Curta e siga a P\u00e1gina da C\u00e2mara assim saber\u00e1 tudo que o ocorre no legislativo do Munic\u00edpio.</p>\r\n<p>\u00a0</p>", "author_name": "", "version": "1.0", "author_url": "https://www.imbuia.sc.leg.br/author/imb", "provider_name": "C\u00e2mara de Vereadores de Imbuia", "type": "rich"}