{"provider_url": "https://www.imbuia.sc.leg.br", "title": "16\u00aa Sess\u00e3o Ordin\u00e1ria (30.05.2022)", "html": "<p>\u00a0</p>\r\n<p>A C\u00e2mara Municipal de Imbuia realizou nesta segunda-feira (30) a d\u00e9cima sexta Sess\u00e3o Ordin\u00e1ria do ano de 2022.</p>\r\n<p>\u00a0</p>\r\n<p>EXPEDIENTE</p>\r\n<p><b>INDICA\u00c7\u00c3O N\u00ba 13/2022</b> \u2013 Autoria: Vereador Leonir Pedro Braun =&gt; Sugere ao Executivo Municipal, que construa, em alguns pontos de nossa cidade, letreiros 3D com os dizeres: \u201cEU AMO IMBUIA\u201d (sendo a palavra \u201camo\u201d representada por um cora\u00e7\u00e3o)</p>\r\n<p>\u00a0</p>\r\n<p>MOMENTO DA PRESID\u00caNCIA</p>\r\n<p>Vereador <b>Presidente Jorge Luiz Sardo (MDB) </b>agradece ao Executivo Municipal e Secretaria de Obras pela obra de alargamento da estrada da comunidade de Rio Bonito. Resultado da estrada deixou os moradores contentes. Agradece a limpeza do rio no centro do munic\u00edpio. E necessitando avan\u00e7ar mais precisando o trajeto dele inteiro.</p>\r\n<p>\u00a0Comentou da visita de t\u00e9cnicos da Defesa Civil do Estado em resposta a uma visita realizada juntamente com o Prefeito na Sede da Defesa Civil em Florian\u00f3polis. Aonde aponta ser grande a chance do munic\u00edpio se agraciado com tr\u00eas pontes: Alto Rio Engano, Garraf\u00e3o e Furna do Rio Bonito.</p>\r\n<p>\u00a0</p>\r\n<p>ORDEM DO DIA</p>\r\n<p>1\u00aa DISCUSS\u00c3O E VOTA\u00c7\u00c3O DO <b>PROJETO DE LEI N\u00ba 13/2022</b> \u2013 Altera a Lei n\u00ba 1.717 de 10 de abril de 2019, concede o Aux\u00edlio Alimenta\u00e7\u00e3o aos Conselheiros Tutelares. <b>Aprovado por unanimidade.</b><b></b></p>\r\n<p><b>\u00a0</b></p>\r\n<p>EXPLICA\u00c7\u00d5ES PESSOAIS</p>\r\n<p><b>Vereador Leonir Pedro Braun (PODEMOS) </b>iniciou defendendo sua indica\u00e7\u00e3o referente ao letreiro com a cita\u00e7\u00e3o \u201ceu amo Imbuia\u201d e o \u201camo\u201d representado pela palavra cora\u00e7\u00e3o. Que fixasse em um local da cidade possibilitando um ponto para que as pessoas possam estar tirando visitando e tirando e fotos e assim levar o nome do munic\u00edpio adiante.</p>\r\n<p>Parabenizou a Equipe da Bracatinga pela vit\u00f3ria no campeonato de futebol de campo e tamb\u00e9m a comunidade pela organiza\u00e7\u00e3o da festa da capela. Destacando estar muito bem organizada.</p>\r\n<p>Agradece ao Executivo Municipal pelo trabalho na estrada do Rio Bonito da qual so recebem elogios que foi bem feito. E ressalta ainda a parceria do Executivo Municipal em atender os pedidos apresentados pelos Vereadores.</p>\r\n<p>\u00a0\u00a0 \u00a0\u00a0</p>\r\n<p><b>Vereadora K\u00e9trin Priscila Sell (MDB) </b>agradeceu a visita do Chefe de Gabinete do Deputado Federal Peninha, Rafael Pezzenti que esteve juntamente com o Superintendente do Minist\u00e9rio da Sa\u00fade Rog\u00e9rio Ribeiro que realizou a entrega de um ve\u00edculo, que ser\u00e1 usado pela administra\u00e7\u00e3o. E deixou convite a conhecer a superintend\u00eancia do Minist\u00e9rio da Sa\u00fade em Florian\u00f3polis.</p>\r\n<p>E Comentou sobre a visita a Superintend\u00eancia na ultima sexta onde tiveram a chance de conhecer a equipe e como funciona \u201cos caminhos\u201d para acessar recursos. E colocando que haver\u00e1 capacita\u00e7\u00e3o onde saber\u00e3o como acessar os sistemas, cadastrar projeto e assim utilizar os recursos que o munic\u00edpio pode receber.</p>\r\n<p>E Agradece ao Executivo Municipal pelas obras que vem realizando.</p>\r\n<p><b>Vereador Aldori Rengel (MDB) </b>solicitou ao Executivo que como est\u00e1 na prepara\u00e7\u00e3o para realizar gincana cultural e ate Stammtisch que desde j\u00e1 tenham reforcem a seguran\u00e7a destes eventos. \u00a0Lembrando a \u00faltima edi\u00e7\u00e3o e at\u00e9 em edi\u00e7\u00f5es passadas que tiveram epis\u00f3dios de brigas. E destacando principalmente na \u00faltima gincana uma briga generalizada. Deixando uma imagem vergonhosa para o munic\u00edpio.</p>\r\n<p><b>Vereador Ezair Erhadrt (MDB) </b>parabenizou ao Executivo Municipal pelo servi\u00e7o de limpeza na ciclovia da rodovia SC-281. E pedi que como tem gente que cuida, mas tem gente que n\u00e3o cuida que deixa se tornar um matagal na frente. Assim solicita que o servi\u00e7o possa ser realizado mais uma tr\u00eas ou quatro vezes por ano.</p>\r\n<p>\u00a0 \u00a0\u00a0</p>\r\n<p>Confira a \u00cdntegra da Sess\u00e3o <a href=\"https://www.youtube.com/watch?v=NOUR_CLNX1s\">aqui</a>:</p>\r\n<p>Ao encerramento o Senhor Presidente marcou a Pr\u00f3xima Sess\u00e3o Ordin\u00e1ria para o dia 06 de junho as 19:00 horas.</p>\r\n<p>Curta e siga a P\u00e1gina da C\u00e2mara assim saber\u00e1 tudo que o ocorre no legislativo do Munic\u00edpio.</p>\r\n<p>\u00a0</p>", "author_name": "", "version": "1.0", "author_url": "https://www.imbuia.sc.leg.br/author/imb", "provider_name": "C\u00e2mara de Vereadores de Imbuia", "type": "rich"}