{"provider_url": "https://www.imbuia.sc.leg.br", "title": "15\u00aa Sess\u00e3o Ordin\u00e1ria (16.05.2022)", "html": "<p>\u00a0</p>\r\n<p>A C\u00e2mara Municipal de Imbuia realizou nesta segunda-feira (16) a d\u00e9cima quinta Sess\u00e3o Ordin\u00e1ria do ano de 2022.</p>\r\n<p>\u00a0</p>\r\n<p>EXPEDIENTE</p>\r\n<p>LEITURA DO <b>PROJETO DE LEI N\u00ba 14/2022</b> \u2013 Autoriza o Executivo Municipal a suplementar dota\u00e7\u00f5es or\u00e7ament\u00e1rias e d\u00e1 outras provid\u00eancias.</p>\r\n<p>\u00a0LEITURA DO <b>PROJETO DE LEI N\u00ba 15/2022</b> \u2013 Autoriza o Executivo Municipal a doar im\u00f3vel que descreve para a Companhia Catarinense de \u00c1guas e Saneamento \u2013 CASAN.</p>\r\n<p>\u00a0LEITURA DA <b>INDICA\u00c7\u00c3O N\u00ba 11/2022</b> \u2013 Autoria: Vereador Jorge Luiz Sardo =&gt; Sugere ao Executivo Municipal, o retorno da realiza\u00e7\u00e3o do tradicional Stammtisch, na semana de comemora\u00e7\u00e3o do anivers\u00e1rio do Munic\u00edpio de Imbuia. Estado de Santa Catarina C\u00e2mara de Vereadores de Imbuia</p>\r\n<p>\u00a0LEITURA DA <b>INDICA\u00c7\u00c3O N\u00ba 12/2022</b> \u2013 Autoria: Vereador Altair Rengel =&gt; Sugere ao Executivo Municipal, que execute diretamente os servi\u00e7os de terraplanagem e drenagem pluvial quando da pavimenta\u00e7\u00e3o de ruas de nosso Munic\u00edpio, objetivando trazer economia ao er\u00e1rio p\u00fablico municipal.</p>\r\n<p>\u00a0</p>\r\n<p>MOMENTO DA PRESID\u00caNCIA</p>\r\n<p>Vereador <b>Presidente Jorge Luiz Sardo (MDB) </b>justificou a Indica\u00e7\u00e3o sobre o Stammtisch voltar a ser realizado no dia sete de setembro, feriado que permite a participa\u00e7\u00e3o dos grupos de fora. Destacando ser uma reivindica\u00e7\u00e3o feita pelo grupos que costumavam participar.</p>\r\n<p>Refor\u00e7ou o pedido da sua Indica\u00e7\u00e3o n\u00ba81/2021 aonde sugeriu a melhoria da sinaliza\u00e7\u00e3o da travessia urbana da comunidade de Vista Alegre bem como a instala\u00e7\u00e3o de ilumina\u00e7\u00e3o p\u00fablica. Ressalta que a comunidade realizar\u00e1 a festa de S\u00e3o Jo\u00e3o entre os dias 24 a 26 de junho e pede assim ao Executivo para que possa estar executando a limpeza, a pintura de sinaliza\u00e7\u00e3o e dos meios fios. Deixando uma imagem melhor a quem for visitar a comunidade durante a festa.</p>\r\n<p>Convidou para Palestra de Manejo de plantas daninhas no plantio da cebola organizado pela Secretaria da Agricultura no dia 12 de junho no sal\u00e3o da comunidade do Garraf\u00e3o. Ressaltando que os produtores de cebola ficaram sem o herbicida mais utilizado e por isso \u00e9 interessante adquirirem o conhecimento para estar tratando de plantas daninhas.</p>\r\n<p>Agradece e Parabeniza os organizadores da Festa da comunidade de Nova Alemanha. Onde considerou um sucesso de p\u00fablico e ressaltou que a festa estava muito bem organizada. \u00a0</p>\r\n<p>\u00a0</p>\r\n<p>\u00a0</p>\r\n<p>EXPLICA\u00c7\u00d5ES PESSOAIS</p>\r\n<p><b>Vereador Leonir Pedro Braun (PODEMOS) </b>iniciou parabenizando as quatro equipes finalistas do Campeonato Municipal de Futebol de Campo, Bracatinga e Alto Garraf\u00e3o finalistas. E Desportivo e Brutus que v\u00e3o disputar o terceiro lugar. E agradece tamb\u00e9m a todas as demais equipes participantes. Destacando a participa\u00e7\u00e3o popular nos jogos mostrando que a popula\u00e7\u00e3o do munic\u00edpio gosta muito de futebol de campo, mesmo com dois anos sem campeonato em virtude da pandemia.</p>\r\n<p>Comentou a Indica\u00e7\u00e3o n\u00ba11 apresentada pelo Vereador Jorge Luiz Sardo sobre o Stammtisch. Aonde acompanha o pedido para realiza\u00e7\u00e3o. Mas que deve se exigir algo mais das equipes participantes, como exemplo uma competi\u00e7\u00e3o de comida t\u00edpica, buscando refor\u00e7ar o valor cultural do evento.</p>\r\n<p>\u00a0\u00a0 Parabenizou a 1\u00aa Dama Leonete e demais trabalhadores volunt\u00e1rios que vem dedicando seu tempo pelo munic\u00edpio. Seja por atividades de decora\u00e7\u00e3o como no exemplo da 1\u00aa Dama ou demais atividades. Refor\u00e7a a import\u00e2ncia de se elogiar e reconhecer esfor\u00e7os destes buscam o melhor para o munic\u00edpio.</p>\r\n<p>Parabeniza na pessoa Vereador Aldori Rengel a todos organizadores da festa da capela cat\u00f3lica de Nova Alemanha. Destacando somente elogios que se escuta sobre a festa. \u00a0\u00a0\u00a0</p>\r\n<p><b>Vereador Altair Rengel (PP) </b>justifica sua Indica\u00e7\u00e3o colocando que as empresas vencedoras de licita\u00e7\u00e3o para pavimenta\u00e7\u00e3o de ruas quando veem ao munic\u00edpio n\u00e3o tem o maquin\u00e1rio nem pessoal preparado para realizar a prepara\u00e7\u00e3o do terreno, onde acabam por fazer de forma que fica mal feito tal como na Rua Adolfo Mello. Aponta que o Executivo suficiente para realizar essa atividade e assim possibilita que o recurso por meio de emenda possa ser revertido em uma maior \u00e1rea a ser pavimentada.</p>\r\n<p>Confira a \u00cdntegra da Sess\u00e3o <a href=\"https://www.youtube.com/watch?v=Xu-fZbuZ3r4\">aqui</a>:</p>\r\n<p>Ao encerramento o Senhor Presidente marcou a Pr\u00f3xima Sess\u00e3o Ordin\u00e1ria para o dia 30 de maio as 19:00 horas.</p>\r\n<p>Curta e siga a P\u00e1gina da C\u00e2mara assim saber\u00e1 tudo que o ocorre no legislativo do Munic\u00edpio.</p>\r\n<p>\u00a0</p>", "author_name": "", "version": "1.0", "author_url": "https://www.imbuia.sc.leg.br/author/imb", "provider_name": "C\u00e2mara de Vereadores de Imbuia", "type": "rich"}