{"provider_url": "https://www.imbuia.sc.leg.br", "title": "14\u00aa Sess\u00e3o Ordin\u00e1ria (15.05.23)", "html": "<p>\u00a0</p>\r\n<p>A C\u00e2mara Municipal de Imbuia realizou nesta segunda-feira (15) a d\u00e9cima quarta Sess\u00e3o ordin\u00e1ria de 2023.</p>\r\n<p>EXPEDIENTE</p>\r\n<p>Foram apresentadas as seguintes Mat\u00e9rias:</p>\r\n<p><b>INDICA\u00c7\u00c3O N\u00ba 10/2023</b> \u2013 Autoria: Altair Rengel e Leonir Pedro Braun =&gt; Indica ao Executivo Municipal que destine as unidades escolares desativadas \u00e0s associa\u00e7\u00f5es sem fins lucrativos do Munic\u00edpio, incentivando-as a buscarem juntamente ao Munic\u00edpio a celebra\u00e7\u00e3o do respectivo Termo de Cess\u00e3o de Uso, podendo ser, inclusive, de maneira compartilhada por mais associa\u00e7\u00f5es.</p>\r\n<p><b>PROJETO DE LEI COMPLEMENTAR N\u00ba 04/2023</b> \u2013 Altera a Lei complementar n\u00ba 125, de 7 de dezembro de 2022, Estatuto dos Servidores P\u00fablicos Municipais de Imbuia, e d\u00e1 outras provid\u00eancias.</p>\r\n<p><b>PROJETO DE LEI N\u00ba 08/2023</b> \u2013 Autoria: Mesa Diretora =&gt; Regulamenta a concess\u00e3o do aux\u00edlio-alimenta\u00e7\u00e3o aos servidores p\u00fablicos municipais do Poder Legislativo e d\u00e1 outras provid\u00eancias.</p>\r\n<p><b>PROJETO DE LEI N\u00ba 09/2023</b> \u2013 Regulamenta a concess\u00e3o do aux\u00edlio-alimenta\u00e7\u00e3o aos servidores p\u00fablicos municipais do Poder Executivo e d\u00e1 outras provid\u00eancias</p>\r\n<p><b>PROJETO DE LEI N\u00ba 10/2023</b> \u2013 Autoria: Jorge Luiz Sardo =&gt; Denomina o Centro Municipal de Triagem de \u201cOrli Valdemiro da Silva\u201d.</p>\r\n<p>\u00a0</p>\r\n<p>\u00a0</p>\r\n<p>EXPLICA\u00c7OES PESSOAIS</p>\r\n<p><b>Vereador Jorge Luiz Sardo (MDB) </b>desejou feliz dia das m\u00e3es a todas m\u00e3es imbuienses.</p>\r\n<p>Relata agenda em Florian\u00f3polis com a UCAVI aonde estiveram na Secretarias de Sa\u00fade e Assist\u00eancia Social. Na Secretaria de Assist\u00eancia Social foram atendidos pela Maria Helena, a Kika, da qual se prontificou a ter uma reuni\u00e3o t\u00e9cnica com os Vereadores para estarem usando os recursos da \u00e1rea que vem aos munic\u00edpios e muitas vezes s\u00e3o devolvidos por n\u00e3o serem aplicados.</p>\r\n<p>Na Secretaria da Sa\u00fade apresentaram a solicita\u00e7\u00e3o para reabertura do HEMOSC em Rio do Sul, a qual j\u00e1 est\u00e1 planejado para acontecer. Outro tema as filas para cirurgias, ser\u00e1 montada uma fila separada para quem sofre com c\u00e2ncer ser atendido de forma mais r\u00e1pida.</p>\r\n<p>Tamb\u00e9m visitou a Secretaria de Infraestrutura falar com o Secretario Deputado Jerry sobre a Serra da Ilha Grande, aonde na sexta recebeu o Engenheiro e junto com os respons\u00e1veis da Empresa que esta realizando a obra mostraram que al\u00e9m da base que esta no Projeto fizeram mais uma, ou seja, agora colocaram a camada de rach\u00e3o de 40 cent\u00edmetros. Ressaltando que na conversa com eles reafirmou a import\u00e2ncia e o valor dela.</p>\r\n<p>Sobre o Projeto de Lei n\u00ba 10, coloca que \u00e9 uma homenagem ao Senhor Orli e sua fam\u00edlia. Apresentando a biografia do homenageado. Destacando que durante sua vida foi homem honesto e honrado. Sempre cuidando dos animais que eram abandonados no parque, n\u00e3o tendo um dia que n\u00e3o deixou de prestar cuidados. Pediu palmas e concluiu pedindo apoio na aprova\u00e7\u00e3o Projeto.</p>\r\n<p>\u00a0</p>\r\n<p><b>Vereador Leonir Pedro Braun (PODEMOS) </b>parabeniza o Vereador Jorge por apresentar o Projeto de Lei n\u00ba10. Uma justa homenagem a um homem que dedicou boa parte da sua vida a aquele centro de triagem.</p>\r\n<p>Parabeniza todas as m\u00e3es de Imbuia pela passagem do dia das m\u00e3es.</p>\r\n<p>Comenta a Indica\u00e7\u00e3o n\u00ba10 a qual apresentou juntamente com o Vereador Altair Rengel. A qual sugere destinar as escolas abandonadas as Associa\u00e7\u00f5es para que eles a mantenham em ordem, com a manuten\u00e7\u00e3o em dia e assim teriam um lugar para fazer suas reuni\u00f5es e organizar seus materiais. Ressaltando que muitas dessas associa\u00e7\u00f5es s\u00e3o representa\u00e7\u00e3o de trabalho voluntario que cada vez mais est\u00e1 escasso de m\u00e3o de obra.</p>\r\n<p>Apresenta a situa\u00e7\u00e3o das escolas que est\u00e3o abandonadas, umas com moradores e outras ainda em uso como creche. E assim que o poder executivo realize termos de cess\u00e3o de uso para que as varias Associa\u00e7\u00f5es possam estar cuidando destas escolas.\u00a0\u00a0</p>\r\n<p>Ao encerramento o Presidente marcou a Pr\u00f3xima Sess\u00e3o Ordin\u00e1ria para o dia 22 de maio as 19 horas.</p>\r\n<p>Acesse a \u00edntegra da Sess\u00e3o <a href=\"https://www.youtube.com/watch?v=bh3VT_BEFWk\">aqui.</a></p>\r\n<p>Curta e siga a P\u00e1gina da C\u00e2mara assim saber\u00e1 tudo que o ocorre no legislativo do Munic\u00edpio.</p>\r\n<p>\u00a0</p>", "author_name": "", "version": "1.0", "author_url": "https://www.imbuia.sc.leg.br/author/imb", "provider_name": "C\u00e2mara de Vereadores de Imbuia", "type": "rich"}