{"provider_url": "https://www.imbuia.sc.leg.br", "title": "14\u00aa Sess\u00e3o Ordin\u00e1ria (09.05.2022)", "html": "<p>\u00a0</p>\r\n<p>A C\u00e2mara Municipal de Imbuia realizou nesta segunda-feira (09) a d\u00e9cima quarta Sess\u00e3o Ordin\u00e1ria do ano de 2022.</p>\r\n<p>EXPEDIENTE</p>\r\n<p>\u00a0</p>\r\n<p><b>PROJETO DE LEI N\u00ba 13/2022</b> \u2013 Altera a Lei n\u00ba 1.717 de 10 de abril de 2019, concede o Aux\u00edlio Alimenta\u00e7\u00e3o aos Conselheiros Tutelares.</p>\r\n<p><b>INDICA\u00c7\u00c3O N\u00ba 10/2022</b> \u2013 Autoria: Vereador Leonir Pedro Braun \u201cSugere ao Executivo Municipal a constru\u00e7\u00e3o de uma rampa de acesso na entrada do Centro de Educa\u00e7\u00e3o Infantil Pequeno Polegar, bem como, seja constru\u00eddo um recuo defronte aquela institui\u00e7\u00e3o, que servir\u00e1 como estacionamento para os ve\u00edculos dos servidores que l\u00e1 trabalham\u201d.</p>\r\n<p>\u00a0</p>\r\n<p>ORDEM DO DIA</p>\r\n<p>\u00a0</p>\r\n<p>2\u00aa DISCUSS\u00c3O E VOTA\u00c7\u00c3O DO <b>PROJETO DE LEI N\u00ba 12</b> de 07 de abril de 2022 \u2013 Autoriza o Executivo Municipal a realizar os pagamentos das premia\u00e7\u00f5es dos campeonatos de Futebol e domin\u00f3 e d\u00e1 outras provid\u00eancias. <b>Aprovado por unanimidade.</b><b></b></p>\r\n<p>2\u00aa DISCUSS\u00c3O E VOTA\u00c7\u00c3O DO <b>PROJETO DE EMENDA A LEI ORG\u00c2NICA N\u00ba 01</b> de 04 de abril de 2022 \u2013 Altera o prazo de validade de Concurso P\u00fablico.<b> Aprovado por unanimidade.</b></p>\r\n<p><b>\u00a0</b></p>\r\n<p>\u00a0</p>\r\n<p>EXPLICA\u00c7\u00d5ES PESSOAIS</p>\r\n<p><b>Vereador Leonir Pedro Braun (PODEMOS) </b>justificou a Indica\u00e7\u00e3o n\u00ba 10 pedindo a rampa de acesso e recuo no Centro de Educa\u00e7\u00e3o Infantil Pequeno Polegar. Coloca que \u00e9 um pedido de varias pessoas que passam ali e se depararam com situa\u00e7\u00f5es de risco. Encontro de carros, carros sendo arranhados, quando o \u00f4nibus para pegar/deixar crian\u00e7as o tr\u00e2nsito para por que a rua \u00e9 estreita. E assim sugere recuar a cerca criando at\u00e9 um estacionamento e um local mais seguro para um pai vir a parar um carro para estar parando para pegar/deixar seus filhos. Ressaltando que \u00e9 o Vereador est\u00e1 para indicar e que hoje o Prefeito \u00e9 parceiro no atendimento aos Vereadores. \u00a0\u00a0\u00a0</p>\r\n<p>Confira a \u00cdntegra da Sess\u00e3o <a href=\"https://www.youtube.com/watch?v=ZI1Fdv0zEYY\">aqui</a>:</p>\r\n<p>Ao encerramento o Senhor Presidente marcou a Pr\u00f3xima Sess\u00e3o Ordin\u00e1ria para o dia 16 de maio as 19:00 horas.</p>\r\n<p>Curta e siga a P\u00e1gina da C\u00e2mara assim saber\u00e1 tudo que o ocorre no legislativo do Munic\u00edpio.</p>\r\n<p>\u00a0</p>", "author_name": "", "version": "1.0", "author_url": "https://www.imbuia.sc.leg.br/author/imb", "provider_name": "C\u00e2mara de Vereadores de Imbuia", "type": "rich"}