{"provider_url": "https://www.imbuia.sc.leg.br", "title": "13\u00aa Sess\u00e3o Ordin\u00e1ria (08.05.2023)", "html": "<p>\u00a0</p>\r\n<p>A C\u00e2mara Municipal de Imbuia realizou nesta segunda-feira (08) a d\u00e9cima terceira Sess\u00e3o ordin\u00e1ria de 2023.</p>\r\n<p>EXPEDIENTE</p>\r\n<p>Foram apresentadas as seguintes Mat\u00e9rias:</p>\r\n<p><b>INDICA\u00c7\u00c3O N\u00ba 09/2023</b> \u2013 Autoria: M\u00e1rcio Scheimann =&gt; Indica ao Executivo Municipal que efetue o alargamento e/ou melhoria do bueiro localizado na comunidade de Campo das Flores, no acesso a propriedade do Senhor Ant\u00f4nio Valmor Capistrano (Toninho).</p>\r\n<p><b>MO\u00c7\u00c3O N\u00ba 03/2023</b> \u2013 Autoria: Leonir Pedro Braun =&gt; Parabeniza Policiais Militares pelos relevantes servi\u00e7os prestados, em especial na ocorr\u00eancia do dia 30 de mar\u00e7o de 2023, conforme os fatos narrados na presente proposi\u00e7\u00e3o.</p>\r\n<p>MOMENTO DA PRESID\u00caNCIA</p>\r\n<p><b>Vereador Presidente Ezair Erhardt (MDB) </b>recepciona e agradece a presen\u00e7a de todos na Plen\u00e1ria e em especial ao Policiais Militares presentes.<b></b></p>\r\n<p>\u00a0</p>\r\n<p>ORDEM DO DIA</p>\r\n<p>2\u00aa DISCUSS\u00c3O DO <b>PROJETO DE LEI N\u00ba 05/2023</b> \u2013 Autoriza o executivo Municipal a anular dota\u00e7\u00f5es or\u00e7ament\u00e1rias e a criar cr\u00e9dito especial. <b>Aprovado por unanimidade.</b><b></b></p>\r\n<p>2\u00aa DISCUSS\u00c3O DO <b>PROJETO DE LEI N\u00ba 07/2023</b> \u2013 Disp\u00f5e sobre denomina\u00e7\u00e3o de Rua Jos\u00e9 Jo\u00e3o Peixe. <b>Aprovado por unanimidade.</b><b></b></p>\r\n<p><b>MO\u00c7\u00c3O N\u00ba 03/2023</b> \u2013 Autoria: Leonir Pedro Braun =&gt; Parabeniza Policiais Militares pelos relevantes servi\u00e7os prestados, em especial na ocorr\u00eancia do dia 30 de mar\u00e7o de 2023, conforme os fatos narrados na presente proposi\u00e7\u00e3o.<b> Aprovado por unanimidade.</b></p>\r\n<p><b>\u00a0</b></p>\r\n<p>\u00a0</p>\r\n<p>EXPLICA\u00c7OES PESSOAIS</p>\r\n<p><b>Vereadora Ketrin Priscila Sell (MDB) </b>relatou da participa\u00e7\u00e3o na Marcha dos Vereadores Brasilia juntamente com os Vereadores Aldori, Ezair, Giani e Ant\u00f4nio entre os dias 25 a 28 de abril. palestras que destacou: Legislativo Na Escola \u2013 A Educa\u00e7\u00e3o Legislativa e a Cidadania nas Escolas do Brasil com o Professor Jo\u00e3o Maria de Lima, Presidente da Associa\u00e7\u00e3o Potiguar das Escolas Legislativas (ASPEL). Refor\u00e7ando que achou muito interessante a maneira de levar conhecimentos de estudantes e que pensa que poderia ser implantado aqui. O Papel do Poder Legislativo e do Tribunal de Contas no Julgamento das Contas do Chefe do Executivo com o Renato Azeredo\u2013 Conselheiro do Tribunal de Contas do estado do Rio Grande. E Como Criar Um Mandato Memor\u00e1vel Lucas Fonseca.</p>\r\n<p>Al\u00e9m da participa\u00e7\u00e3o no evento da Marcha, visitou gabinetes de deputados para levar demandas do munic\u00edpio.</p>\r\n<p>Comentar sobre a reforma na unidade b\u00e1sica de sa\u00fade, que agora de in\u00edcio est\u00e1 causando um pouco de transtornos, a farm\u00e1cia b\u00e1sica sa\u00edra da unidade por enquanto e est\u00e1 sendo visto uma sala para alugar, at\u00e9 a reforma ser finalizada.</p>\r\n<p>Solicitou a Mesa Diretora o envio de oficio de condol\u00eancias \u00e0 fam\u00edlia do Valdemiro Arcenio da Silva que foi vereador desta casa.</p>\r\n<p><b>Vereador Aldori Rengel (MDB) </b>apresenta sobre a participa\u00e7\u00e3o na Marcha a Bras\u00edlia. Evento bastante cansativo e com bastante gente. Havendo cerca de seis mil Vereadores. Ressalta que foram entregues pedidos a Deputados e agora aguardam a vinda de ajuda. E tamb\u00e9m tiveram muitas palestras com temas aproveit\u00e1veis e onde s\u00f3 tem a aprender.</p>\r\n<p>Comenta sobre o Projeto que delimita as margens dos rios onde existe cobran\u00e7a da popula\u00e7\u00e3o. Coloca que o Executivo diz que aguarda Projeto ser feito. Assim pede celeridade, para atender a demanda da popula\u00e7\u00e3o que ve munic\u00edpios viznhos aprovarem Projetos.</p>\r\n<p>Comenta tamb\u00e9m sobre a ilumina\u00e7\u00e3o p\u00fablica, que h\u00e1 reclama\u00e7\u00f5es pela demora na troca de l\u00e2mpadas. Colocando que principalmente no trecho entre o centro e o trevo da cidade aonde contam mais de vinte l\u00e2mpadas queimadas.</p>\r\n<p>Comenta ainda sobre o acesso ao munic\u00edpio pela serra da ilha grande que hoje se encontra em obras. Coloca que o GPS normalmente como caminho principal e quem usa hoje acaba descobrindo em cima do trecho que h\u00e1 a interdi\u00e7\u00e3o. Assim sugere que no acesso pela furna seja colocada uma placa informando que d\u00e1 acesso ao munic\u00edpio ou desvio em raz\u00e3o da obra.</p>\r\n<p><b>Vereador Jorge Luiz Sardo (MDB) </b>iniciou apresentando o Semin\u00e1rio Nacional da Cebola que ir\u00e1 ocorrer nos dias 30 e 31 de maio e 01 e 02 de junho na cidade de Aurora. Pedindo que divulguem a realiza\u00e7\u00e3o do semin\u00e1rio ao Produtores. E ainda lan\u00e7a o desafio para que no ano de 2025 os pr\u00f3ximos gestores consigam trazer o Semin\u00e1rio para Imbuia.</p>\r\n<p>Sobre ilumina\u00e7\u00e3o p\u00fablica pede que seja dada aten\u00e7\u00e3o a ciclovia na Samambaia que tamb\u00e9m tem l\u00e2mpadas queimadas. Ressaltando que como est\u00e3o Vereadores a popula\u00e7\u00e3o vem cobrar estas situa\u00e7\u00f5es dos Vereadores.</p>\r\n<p>Responde a coment\u00e1rios da obra da Serra da Ilha grande. Algumas pessoas viram e reclamaram de a obra ser mal e feita e ser alto custo. Coloca que a parte de conten\u00e7\u00e3o custou bastante trabalho e que agora indo para base observou que est\u00e1 sendo mal feito. Tanto que j\u00e1 ligou para o Secretario de Infraestrutura Deputado Jerry a qual mandaria algu\u00e9m para vistoriar. Ressaltando que ter\u00e1 agenda em Florian\u00f3polis no dia de amanh\u00e3 e que tamb\u00e9m conversar\u00e1 com o Secret\u00e1rio a respeito. Destacando que os Vereadores t\u00eam que fiscalizar e cobrar obras bem feitas, caso contr\u00e1rio, em uma ano estar\u00e1 sofrendo com a m\u00e1 qualidade.</p>\r\n<p>Sobre o Projeto Legislativo na Escola, apresentado pela Vereadora K\u00e9trin, coloca que apoia a ideia e queria t\u00ea-lo feito quando Presidente. Lembra no ano anterior quando recebeu alunos na c\u00e2mara e questionou a fun\u00e7\u00e3o do Vereador recebeu a resposta que promete e n\u00e3o faz. Assim com o Projeto estaria ensinando as fun\u00e7\u00f5es do Vereador e principalmente a que Vereador n\u00e3o executa.</p>\r\n<p>\u00a0</p>\r\n<p>\u00a0</p>\r\n<p><b>Vereador Leonir Pedro Braun (PODEMOS) </b>justifica a Mo\u00e7\u00e3o de Aplauso apresentada. Onde ela ocorre pelo ato de coragem e bravura que demonstrar\u00e3o ao prender os assaltantes da Lanchonete do Nero no dia trinta de mar\u00e7o. Trabalho organizado pelo Comandante Interino da 4\u00aa Cia do 13\u00ba Batalh\u00e3o da Pol\u00edcia Militar, 02\u00ba Tenente Leonardo Garcia. Agradece tamb\u00e9m o trabalho do Sargento Ron\u00e9rio Bruch frente respons\u00e1vel da corpora\u00e7\u00e3o no munic\u00edpio de Imbuia.</p>\r\n<p>Apresenta trabalho feito em prol da Policia Militar do Legislativo de Imbuia em parceria com Executivo: Compra de armamentos, constru\u00e7\u00e3o de sede e instala\u00e7\u00e3o de C\u00e2meras de videomonitoramento.\u00a0</p>\r\n<p>Parabeniza e agrade a todos os policiais os citando e convidando a receber copia das mo\u00e7\u00f5es.</p>\r\n<p>ESPA\u00c7O PARA FALA</p>\r\n<p><b>03\u00aa Sargento Ron\u00e9rio Bruch </b>colocou que a corpora\u00e7\u00e3o consiguiu executar o seu melhor naquele dia e assim obteve \u00eaxito.</p>\r\n<p><b>Comandante Interino da 4\u00aa Cia do 13\u00ba Batalh\u00e3o da Pol\u00edcia Militar, 02\u00ba Tenente Leonardo Garcia</b> colocou que com bastante satisfa\u00e7\u00e3o representa a o Batalh\u00e3o de Ituporanga. Diz que a Mo\u00e7\u00e3o de aplauso enaltece o trabalho da Policia Militar e dos Policiais que est\u00e3o nas ruas representando.</p>\r\n<p>Cita que s\u00e3o 188 anos de hist\u00f3ria da corpora\u00e7\u00e3o. E assim bastante tempo servindo a sociedade catarinense, sempre buscando se desenvolver e aperfei\u00e7oar. E estando presente em todos munic\u00edpios catarinenses.</p>\r\n<p>Apresenta que o batalh\u00e3o que \u00e9 sediado em Rio do Sul e atua em todo Alto Vale de forma de rede atender a toda popula\u00e7\u00e3o. Ressaltando os trabalhos de preven\u00e7\u00e3o Rede de Vizinhos, Rede de Seguran\u00e7a Escolar e Rede Rural de Seguran\u00e7a.</p>\r\n<p>Destaca sobre a ocorr\u00eancia que s\u00f3 foi poss\u00edvel perante trabalho organizado desde o momento do acionamento do 190 at\u00e9 a conclus\u00e3o. Sendo que o fato ocorrido em Imbuia gera muito mais repercuss\u00e3o do que em munic\u00edpio de maior contigente populacional.</p>\r\n<p>Conclui agradecendo aos policiais pelo empenho para dar a resposta devida. Tanto os Policiais da \u201cponta\u201d como da intelig\u00eancia, e tropas especializadas em terrenos diferentes. E ressalta ainda a import\u00e2ncia da parceria da Policia com o Executivo e C\u00e2mara de Vereadores para garantir que o policial tenha o melhor emprego poss\u00edvel e possa fazer o melhor.\u00a0\u00a0\u00a0\u00a0</p>\r\n<p>Ao encerramento o Presidente marcou a Pr\u00f3xima Sess\u00e3o Ordin\u00e1ria para o dia 15 de maio as 19 horas.</p>\r\n<p>Acesse a \u00edntegra da Sess\u00e3o <a href=\"https://www.youtube.com/watch?v=cmzhs1SfvIk\">aqui.</a></p>\r\n<p>Curta e siga a P\u00e1gina da C\u00e2mara assim saber\u00e1 tudo que o ocorre no legislativo do Munic\u00edpio.</p>\r\n<p>\u00a0</p>", "author_name": "", "version": "1.0", "author_url": "https://www.imbuia.sc.leg.br/author/imb", "provider_name": "C\u00e2mara de Vereadores de Imbuia", "type": "rich"}