{"provider_url": "https://www.imbuia.sc.leg.br", "title": "13\u00aa Sess\u00e3o Ordin\u00e1ria (02.05.2022)", "html": "<p>\u00a0</p>\r\n<p>A C\u00e2mara Municipal de Imbuia realizou nesta segunda-feira (02) a d\u00e9cima terceira Sess\u00e3o Ordin\u00e1ria do ano de 2022.</p>\r\n<p>EXPEDIENTE</p>\r\n<p><b>INDICA\u00c7\u00c3O N\u00ba 08/2022</b> \u2013 Autoria: Vereador Leonir Pedro Braun =&gt; Sugere ao Executivo Municipal a revitaliza\u00e7\u00e3o e manuten\u00e7\u00e3o das Pra\u00e7as Jos\u00e9 Hor\u00e1cio Laurindo, da Raiz, Manoel Seemann, principalmente na pintura de meio fios, troca de flores, consertar o que est\u00e1 danificado, dentre outras coisas.</p>\r\n<p><b>INDICA\u00c7\u00c3O N\u00ba 09/2022</b> \u2013 Autoria: Vereador Leonir Pedro Braun =&gt; Sugere ao Executivo Municipal a inclus\u00e3o de alguns eventos nas comemora\u00e7\u00f5es dos 60 anos de Emancipa\u00e7\u00e3o Pol\u00edtico-Administrativa e para os 100 anos de coloniza\u00e7\u00e3o de nosso Munic\u00edpio.</p>\r\n<p>\u00a0</p>\r\n<p>MOMENTO DA PRESID\u00caNCIA</p>\r\n<p>O <b>Vereador Jorge Luiz Sardo</b> (MDB) desejou feliz dia do trabalho a todos os trabalhadores imbuienses que com empenho e dedica\u00e7\u00e3o colaboram com o desenvolvimento do munic\u00edpio em busca de um futuro melhor. \u00a0</p>\r\n<p>\u00a0</p>\r\n<p>ORDEM DO DIA</p>\r\n<p>\u00a0</p>\r\n<p>2\u00aa DISCUSS\u00c3O E VOTA\u00c7\u00c3O DO PROJETO DE LEI COMPLEMENTAR N\u00ba 04 de 17 de mar\u00e7o de 2022 \u2013 Altera a Estrutura, quadro de pessoal e o plano de carreira dos servidores p\u00fablicos municipais do Munic\u00edpio de Imbuia e d\u00e1 outras provid\u00eancias. <b>Aprovado por unanimidade.</b><b></b></p>\r\n<p>2\u00aa DISCUSS\u00c3O E VOTA\u00c7\u00c3O DO <b>PROJETO DE LEI N\u00ba 10</b> de 24 de mar\u00e7o de 2022 \u2013 Autoriza o Executivo Municipal a anular e a suplementar dota\u00e7\u00f5es or\u00e7ament\u00e1rias e d\u00e1 outras providencias.<b> Aprovado por unanimidade.</b></p>\r\n<p>2\u00aa DISCUSS\u00c3O E VOTA\u00c7\u00c3O DO <b>PROJETO DE LEI N\u00ba 11</b> de 04 de abril de 2022 \u2013 Autoriza o Executivo Municipal a anular dota\u00e7\u00f5es or\u00e7ament\u00e1ria e a criar Cr\u00e9dito Especial. <b>Aprovado por unanimidade.</b></p>\r\n<p>1\u00aa DISCUSS\u00c3O E VOTA\u00c7\u00c3O DO <b>PROJETO DE LEI N\u00ba 12</b> de 07 de abril de 2022 \u2013 Autoriza o Executivo Municipal a realizar os pagamentos das premia\u00e7\u00f5es dos campeonatos de Futebol e domin\u00f3 e d\u00e1 outras provid\u00eancias. <b>Aprovado por unanimidade.</b><b></b></p>\r\n<p>\u00a0</p>\r\n<p>EXPLICA\u00c7\u00d5ES PESSOAIS</p>\r\n<p><b>Vereador Leonir Pedro Braun (PODEMOS) </b>apresentou Relat\u00f3rio da sua participa\u00e7\u00e3o na XXI Marcha dos Vereadores a Brasilia organizada pela UVB juntamente com os Vereadores Ant\u00f4nio Truppel e Altair Rengel e com o Servidor Daniel Augusto Schmoller. Destacando os temas abordados e palestrantes que l\u00e1 estiveram. Apresentou tamb\u00e9m os pedidos feitos ao lado do Prefeito Deny aos Deputados Rog\u00e9rio Peninha Mendon\u00e7a e Rodrigo Coelho de pavimenta\u00e7\u00f5es de Ruas, arena multiuso, maquinas e entre outros. \u00a0</p>\r\n<p>Apresentou justificativa quanto a suas Indica\u00e7\u00f5es a 08 para revitalizar as pra\u00e7as do centro da cidade. Ressaltando a disposi\u00e7\u00e3o que o Prefeito tem demonstrado em atender estes pedidos. A 09 s\u00e3o opini\u00f5es e sugest\u00f5es para o Executivo poder realizar na festa de emancipa\u00e7\u00e3o do munic\u00edpio no m\u00eas de setembro.</p>\r\n<p><b>Vereador Aldori Rengel (MDB) </b>agradeceu ao Executivo pela obra realizada na comunidade de Nova Alemanha, uma galeria que a muito tempo era pedido e que agora feito ficou muito bom. Lembrando as pontes antigas que tem pelo interior do munic\u00edpio que n\u00e3o adequadas para ve\u00edculos pesados e que o Executivo possa e substituindo e refor\u00e7ando elas.</p>\r\n<p>Apresentou recursos de trezentos mil reais pelo Deputado Jerry que juntamente com a contrapartida da Prefeitura ser\u00e1 utilizado para cal\u00e7ar a Rua Nicolau Bernado. Apresentou ainda mais trezentos mil pelo Deputado Moacir Sopelsa para asfalto na Rua 31 de Outubro. E mais duzentos mil destinados a Rua Jo\u00e3o Raitz pelo Deputado Milton Hobus.</p>\r\n<p>Comentou sobre a participa\u00e7\u00e3o na Assembleia da UCAVI no \u00faltimo s\u00e1bado dia trinta, da qual considerou bem proveitoso. E depois foi em encontro ao Governador na cidade de Atalanta.</p>\r\n<p>Conclui refor\u00e7ando o pedido pela Area Industrial, uma car\u00eancia do munic\u00edpio e que seria uma maneira de fomentar empregos. Onde pela falta de espa\u00e7o pode estar saindo do munic\u00edpio.</p>\r\n<p><b>Vereador Ezair Erhardt (MDB) </b>agradeceu o atendimento do Executivo de uma Indica\u00e7\u00e3o da qual tinha feito, uma ponte na comunidade que ficou muito bem feito. Ressaltando assim o Parab\u00e9ns ao Prefeito e Secretaria de Obras.\u00a0\u00a0 <b>\u00a0</b><b></b></p>\r\n<p>Confira a \u00cdntegra da Sess\u00e3o aqui:https://www.youtube.com/watch?v=e7PLw8yFG24</p>\r\n<p>Ao encerramento o Senhor Presidente marcou a Pr\u00f3xima Sess\u00e3o Ordin\u00e1ria para o dia 09 de maio as 19:00 horas.</p>\r\n<p>Curta e siga a P\u00e1gina da C\u00e2mara assim saber\u00e1 tudo que o ocorre no legislativo do Munic\u00edpio.</p>\r\n<p>\u00a0</p>", "author_name": "", "version": "1.0", "author_url": "https://www.imbuia.sc.leg.br/author/imb", "provider_name": "C\u00e2mara de Vereadores de Imbuia", "type": "rich"}