{"provider_url": "https://www.imbuia.sc.leg.br", "title": "12\u00aa Sess\u00e3o Ordin\u00e1ria (24.04.2023)", "html": "<p>\u00a0</p>\r\n<p>A C\u00e2mara Municipal de Imbuia realizou nesta segunda-feira (24) a d\u00e9cima segunda Sess\u00e3o ordin\u00e1ria de 2023.</p>\r\n<p>EXPEDIENTE</p>\r\n<p>Foram apresentadas as seguintes Mat\u00e9rias:</p>\r\n<p><b>INDICA\u00c7\u00c3O N\u00ba 08/2023</b> \u2013 Autoria: Jorge Luiz Sardo =&gt; Indica ao Executivo que estude a viabilidade de se elaborar um Plano de Conting\u00eancia relacionado a seguran\u00e7a nas escolas da rede municipal de ensino, buscando junto \u00e0 Pol\u00edcia Militar e Corpo de Bombeiros, apoio na sua elabora\u00e7\u00e3o. <b></b></p>\r\n<p>\u00a0</p>\r\n<p>ORDEM DO DIA</p>\r\n<p>1\u00aa DISCUSS\u00c3O DO <b>PROJETO DE LEI N\u00ba 34/2022</b> \u2013 Permite que o exerc\u00edcio do Mandato de Vereador no Munic\u00edpio de Imbuia seja de forma volunt\u00e1ria. <b>Rejeitado por unanimidade.</b><b></b></p>\r\n<p>1\u00aa DISCUSS\u00c3O DO <b>PROJETO DE LEI N\u00ba 05/2023</b> \u2013 Autoriza o executivo Municipal a anular dota\u00e7\u00f5es or\u00e7ament\u00e1rias e a criar cr\u00e9dito especial. <b>Aprovado por unanimidade.</b><b></b></p>\r\n<p>1\u00aa DISCUSS\u00c3O DO <b>PROJETO DE LEI N\u00ba 07/2023</b> \u2013 Disp\u00f5e sobre denomina\u00e7\u00e3o de Rua Jos\u00e9 Jo\u00e3o Peixe. <b>Aprovado por unanimidade.</b><b></b></p>\r\n<p>\u00a0</p>\r\n<p>EXPLICA\u00c7OES PESSOAIS</p>\r\n<p><b>Vereador Leonir Pedro Braun (PODEMOS</b><b>) </b>leu texto direcionado ao povo imbuiense intitulado \u201cImbuia valoriza suas culturas e tradi\u00e7\u00f5es\u201d. Destacando ser fundamental o conhecimento de ra\u00edzes, tradi\u00e7\u00f5es e motiva\u00e7\u00f5es que levaram munic\u00edpio ao estado atual. Apontando que a car\u00eancia de cultura e a crescente ignor\u00e2ncia leva a prolifera\u00e7\u00e3o de praticas escusas. Com cultura a sociedade pode cobrar constantes as classes politicas por ter o conhecimento. Em Imbuia n\u00e3o se tem o habito de valorizar a cultura e ou quem perpetua. E assim pede para valorizar quem produza para perpetuar a historia e a cultura do munic\u00edpio.</p>\r\n<p>\u00a0<span>Ao encerramento o Presidente marcou a Pr\u00f3xima Sess\u00e3o Ordin\u00e1ria para o dia 08 de maio as 19 horas.</span></p>\r\n<p>Acesse a \u00edntegra da Sess\u00e3o <a href=\"https://www.youtube.com/watch?v=G30pXcpZdJM\">aqui.</a></p>\r\n<p>Curta e siga a P\u00e1gina da C\u00e2mara assim saber\u00e1 tudo que o ocorre no legislativo do Munic\u00edpio.</p>\r\n<p>\u00a0</p>", "author_name": "", "version": "1.0", "author_url": "https://www.imbuia.sc.leg.br/author/imb", "provider_name": "C\u00e2mara de Vereadores de Imbuia", "type": "rich"}