{"provider_url": "https://www.imbuia.sc.leg.br", "title": "11\u00aa Sess\u00e3o Ordin\u00e1ria (17.04.2023)", "html": "<p>A C\u00e2mara Municipal de Imbuia realizou nesta segunda-feira (17) a d\u00e9cima primeira Sess\u00e3o ordin\u00e1ria de 2023.</p>\r\n<p>EXPEDIENTE</p>\r\n<p>Foram apresentadas as seguintes Mat\u00e9rias:</p>\r\n<p><b>INDICA\u00c7\u00c3O N\u00ba 07/2023</b> \u2013 Autoria: M\u00e1rcio Scheimann =&gt; Indica ao Executivo que tenha aten\u00e7\u00e3o quanto a remo\u00e7\u00e3o e guarda de ve\u00edculos que estejam abandonados \u00e0s margens de rodovias, estradas gerais e ruas da cidade, buscando junto a Pol\u00edcia Militar medidas para agilizar esta a\u00e7\u00e3o, a fim de atender a legisla\u00e7\u00e3o de tr\u00e2nsito, bem como, a Lei Municipal n\u00ba 1.753/2021.</p>\r\n<p>MOMENTO DA PRESIDENCIA</p>\r\n<p><b>Vereador Presidente Ezair Erhardt (MDB) </b>cumprimentando o Presidente do Sindicato dos Trabalhadores Rurais Agricultores e Agricultoras Familiares de Imbuia Dirceu Schmidt parabenizando-o pela recondu\u00e7\u00e3o ao cargo de Presidente e desejando-o uma boa gest\u00e3o.<b></b></p>\r\n<p><b>\u00a0</b></p>\r\n<p>\u00a0</p>\r\n<p>\u00a0</p>\r\n<p>ORDEM DO DIA</p>\r\n<p>1\u00aa DISCUSS\u00c3O E VOTA\u00c7\u00c3O DO <b>PROJETO DE LEI N\u00ba 04/2023</b> \u2013 Autoriza o Poder Executivo Municipal a alienar bens m\u00f3veis inserv\u00edveis para a municipalidade e d\u00e1 outras provid\u00eancias. <b>Aprovado por unanimidade.</b></p>\r\n<p>EXPLICA\u00c7OES PESSOAIS</p>\r\n<p><b>Vereador Leonir Pedro Braun (PODEMOS) </b>agradeceu a SICREDI pela carta de of\u00edcio recebida parabenizando por disseminar a hist\u00f3ria do munic\u00edpio.</p>\r\n<p>Segue solicita oficio ao Executivo Municipal sugerindo que instrua os servidores da Prefeitura a usarem como estacionamento o espa\u00e7o que h\u00e1 entre a Prefeitura e a resid\u00eancia do Senhor Valdir Alves. E que pr\u00f3ximo a Secretaria da Assist\u00eancia Social onde a grama coloque paver e consiga fazer mais umas dez vagas, podendo assim disponibilizar ao Professores do Col\u00e9gio.</p>\r\n<p>Destaca que foi cobrado referente ao estacionamento do Col\u00e9gio e da Rua frente a Prefeitura que est\u00e1 sempre cheio de carros de funcion\u00e1rios da Prefeitura e do Col\u00e9gio e assim quem \u00e9 do interior e vem de carro n\u00e3o tem aonde estacionar. E assim como na Avenida Bernadino de Andrade \u00e9 faixa amarela dos dois lados, j\u00e1 houve em eventos do Col\u00e9gio que pais foram multados por estacionar ali. E que no seu entendimento n\u00e3o h\u00e1 necessidade. Um lado ok pelo \u00f4nibus, mas no outro em determinado ponto em diante poderia ser faixa branca. Concluindo que poderia ser uma forma de estar organizando o munic\u00edpio.</p>\r\n<p>\u00a0</p>\r\n<p>Ao encerramento o Presidente marcou a Pr\u00f3xima Sess\u00e3o Ordin\u00e1ria para o dia 24 de abril as 19 horas.</p>\r\n<p>Acesse a \u00edntegra da Sess\u00e3o <a href=\"https://www.youtube.com/watch?v=UXhiit6WxGw\">aqui.</a></p>\r\n<p>Curta e siga a P\u00e1gina da C\u00e2mara assim saber\u00e1 tudo que o ocorre no legislativo do Munic\u00edpio.</p>", "author_name": "", "version": "1.0", "author_url": "https://www.imbuia.sc.leg.br/author/imb", "provider_name": "C\u00e2mara de Vereadores de Imbuia", "type": "rich"}