{"provider_url": "https://www.imbuia.sc.leg.br", "title": "10\u00aa Sess\u00e3o Ordin\u00e1ria (11.04.2022)", "html": "<p>\u00a0</p>\r\n<p>A C\u00e2mara Municipal de Imbuia realizou nesta segunda-feira )11) a d\u00e9cima Sess\u00e3o Ordin\u00e1ria do ano de 2022.</p>\r\n<p>\u00a0</p>\r\n<p>LEITURA DE MAT\u00c9RIAS LEGISLATIVAS:</p>\r\n<p>No expediente foram lidas as seguintes Mat\u00e9rias que ser\u00e3o analisadas pelos Vereadores:</p>\r\n<p><b>PROJETO DE LEI COMPLEMENTAR N\u00ba. 04, DE 17 DE MAR\u00c7O DE 2022</b> \u2013 Altera a Lei Complementar n\u00ba 12, de 28 de setembro de 2003, Estrutura, quadro de pessoal e o plano de carreira dos servidores p\u00fablicos municipais do Munic\u00edpio de Imbuia e d\u00e1 outras provid\u00eancias.</p>\r\n<p><b>PROPOSTA DE EMENDA A LEI ORG\u00c2NICA N\u00ba 01/2022</b> DE 31 DE MAR\u00c7O DE 2022 \u2013 Altera o Inciso IV, do art. 18 da Lei Org\u00e2nica do Munic\u00edpio de Imbuia, alterando o prazo de validade de concurso p\u00fablico.</p>\r\n<p><b>PROJETO DE LEI N\u00ba. 11, DE 31 DE MAR\u00c7O DE 2022</b> \u2013 Autoriza o Executivo Municipal a anular dota\u00e7\u00f5es or\u00e7ament\u00e1rias e criar Cr\u00e9dito Especial. Estado de Santa Catarina C\u00e2mara de Vereadores de Imbuia</p>\r\n<p><b>MO\u00c7\u00c3O N\u00ba 01/2022 (REP\u00daDIO)</b> \u2013 Autoria: Vereador Jorge Luiz Sardo =&gt; Repudia a atitude do Vereador da C\u00e2mara Municipal de Florian\u00f3polis, Senhor Maykon Costa (PL), pelas agress\u00f5es verbais a Vereadora Priscila Fernandes (PODE), ocorridas durante o seu mandato, em especial, as que aconteceram durante a sess\u00e3o do dia 21 de mar\u00e7o de 2022.</p>\r\n<p>\u00a0</p>\r\n<p>MOMENTO DA PRESID\u00caNCIA</p>\r\n<p>Vereador Presidente Jorge Luiz Sardo (MDB) agradeceu a Administra\u00e7\u00e3o Municipal e Secretaria de Obras pelo trabalho realizado na comunidade de Vista Alegre. Parabenizando-a pelo trabalho bem feito.</p>\r\n<p>Comenta que na quinta-feira na abertura da festa da cebola esteve com o Prefeito Deni e aonde conversou com Secret\u00e1rio de Estado e Governador sobre a obra na serra da Ilha Grande aonde eles confirmaram que a obra vai acontecer, somente est\u00e3o aguardando licen\u00e7a do IMA para come\u00e7ar.</p>\r\n<p>\u00a0\u00a0</p>\r\n<p>ORDEM DO DIA</p>\r\n<p>\u00a0</p>\r\n<p>1\u00aa DISCUSS\u00c3O E VOTA\u00c7\u00c3O DO PROJETO DE LEI N\u00ba 09 de 14 de mar\u00e7o de 2022 \u2013 Disp\u00f5e sobre a cria\u00e7\u00e3o do Conselho Municipal de Turismo \u2013 CONTUR, e d\u00e1 outras provid\u00eancias. <b>Aprovado por unanimidade.</b></p>\r\n<p>2\u00aa DISCUSS\u00c3O E VOTA\u00c7\u00c3O DO PROJETO DE LEI COMPLEMENTAR N\u00ba 03, DE 03 DE MAR\u00c7O DE 2022 Altera o n\u00famero de cargos da Lei Complementar n\u00ba 113, de 10 de novembro de 2021, que cria empregos p\u00fablicos de Agente Comunit\u00e1rio de Sa\u00fade e Agente de Combate \u00e0s Endemias, disp\u00f5e sobre o plano de carreira e d\u00e1 outras provid\u00eancias. <b>Aprovado por unanimidade.</b></p>\r\n<p>DISCUSS\u00c3O E VOTA\u00c7\u00c3O DA MO\u00c7\u00c3O N\u00ba 01/2022 (REP\u00daDIO) \u2013 Autoria: Vereador Jorge Luiz Sardo =&gt; Repudia a atitude do Vereador da C\u00e2mara Municipal de Florian\u00f3polis, Senhor Maykon Costa (PL), pelas agress\u00f5es verbais a Vereadora Priscila Fernandes (PODE), ocorridas durante o seu mandato, em especial, as que aconteceram durante a sess\u00e3o do dia 21 de mar\u00e7o de 2022.<b> Aprovado por unanimidade.</b></p>\r\n<p>\u00a0</p>\r\n<p>\u00a0</p>\r\n<p>\u00a0</p>\r\n<p>EXPLICA\u00c7\u00d5ES PESSOAIS</p>\r\n<p><b>Vereadora Giani Ferreira da Silva (PP) </b>solicitou oficio de agradecimento ao Deputado Estadual Jos\u00e9 Milton Scheffer por destinar a APAE do munic\u00edpio de Imbuia um carro. Atendendo assim uma demanda da bancada do PP. E que ainda destinar\u00e1 recurso para reforma do pr\u00e9dio da APAE.</p>\r\n<p>Parabenizou a Administra\u00e7\u00e3o pelo cuidado que tem tido com o Parque de Exposi\u00e7\u00f5es e da qual espera que ele continue assim bonito e bem cuidado.</p>\r\n<p>Solicitou ao Executivo Municipal que atendendo pedido do \u201cSenhor Lande\u201d que fa\u00e7a uma revitaliza\u00e7\u00e3o do Parque Infantil na pra\u00e7a na chegada da cidade. Aonde alguns brinquedos precisam de reformas pois pode acontecer de alguma crian\u00e7a se machucar. E onde ele mesmo se prop\u00f5e a cuidar do espa\u00e7o e sendo que estando bonito e revitalizado ele pode dar uma aten\u00e7\u00e3o maior.</p>\r\n<p>Conclui desejando um feliz domingo de P\u00e1scoa a todos.</p>\r\n<p>\u00a0</p>\r\n<p><b>Vereador Leonir Pedro Braun (PODEMOS) </b>contou a hist\u00f3ria da migra\u00e7\u00e3o para Imbuia. Sendo o processo de migra\u00e7\u00e3o um processo de perdas, fugas, separa\u00e7\u00f5es, sonhos e esperan\u00e7a. Sentimento que atra\u00edram as fam\u00edlias Kammers, Justen, Hoegen, Raitz, Allein entre outras para o Alto Rio dos Bugres. Tendo como objetivo achar um lugar para se instalar. E por meio da Sociedade Colonizadora Catarinense S.A foram para a Col\u00f4nia Bom Retiro. Em viagem a cavalo e por muitos dias ate chegar o local que Davi Kammers denominou Alto Rio do Bugres.</p>\r\n<p>Conta que as condi\u00e7\u00f5es de viagem foram dif\u00edceis. Estradas prec\u00e1rias, vezes ainda abrindo por meio de fac\u00e3o. Carregando as crian\u00e7as em cestos e adultos hora em lombo de cavalos, hora a p\u00e9. At\u00e9 chegar ao destino e onde se estabeleceram. Em modo de pixurum, um ajudando outro no plantio e colheita. E uma engorda de porco para pagamento de terras. E quando n\u00e3o havia trabalho na lavoura, trabalhavam abrindo estradas.</p>\r\n<p>Conclui desejando uma Feliz Pascoa.</p>\r\n<p><b>Vereador Aldori Rengel (MDB) </b>parabenizou o trabalho do Vereador Leonir e a homenagem que vem fazendo.</p>\r\n<p>Agradece ao Secret\u00e1rio de Obras por trabalhos realizados na comunidade Chapad\u00e3o Unida deixando a estrada da comunidade muito boa.</p>\r\n<p>Solicita ao Executivo Municipal aten\u00e7\u00e3o a ilumina\u00e7\u00e3o p\u00fablica do munic\u00edpio. Coloca que vem solicitando a algumas semanas. E que \u00e9 algo bastante cobrado pela popula\u00e7\u00e3o.\u00a0 \u00a0</p>\r\n<p>Ao encerramento o Senhor Presidente marcou a Pr\u00f3xima Sess\u00e3o Ordin\u00e1ria para o dia 18 de abril as 19:00 horas.</p>\r\n<p>Acesse a \u00edntegra da Sess\u00e3o <a href=\"https://www.youtube.com/watch?v=sm8JuJrDXd4&amp;t=880s\">aqui.</a></p>\r\n<p>Curta e siga a P\u00e1gina da C\u00e2mara assim saber\u00e1 tudo que o ocorre no legislativo do Munic\u00edpio.</p>\r\n<p>\u00a0</p>", "author_name": "", "version": "1.0", "author_url": "https://www.imbuia.sc.leg.br/author/imb", "provider_name": "C\u00e2mara de Vereadores de Imbuia", "type": "rich"}