{"provider_url": "https://www.imbuia.sc.leg.br", "title": "10\u00aa Sess\u00e3o Ordin\u00e1ria (10.04.2023)", "html": "<p>\u00a0</p>\r\n<p>A C\u00e2mara Municipal de Imbuia realizou nesta segunda-feira (10) a d\u00e9cima Sess\u00e3o ordin\u00e1ria de 2023.</p>\r\n<p>\u00a0</p>\r\n<p>EXPEDIENTE</p>\r\n<p>Foram apresentadas as seguintes Mat\u00e9rias:</p>\r\n<p><b>PROJETO DE LEI COMPLEMENTAR N\u00ba 04/2023</b> \u2013 Autoria: Executivo Municipal =&gt; Altera a Lei Complementar n\u00ba 125, de 7 de dezembro de 2022, Estatuto dos Servidores p\u00fablicos Municipais de Imbuia, e d\u00e1 outras provid\u00eancias.</p>\r\n<p><b>PROJETO DE LEI N\u00ba 07/2023</b> \u2013 Autoria: Leonir Pedro Braun =&gt; Disp\u00f5e sobre a denomina\u00e7\u00e3o da Rua Jos\u00e9 Jo\u00e3o Peixe.</p>\r\n<p><b>REQUERIMENTO N\u00ba 02/2023</b> \u2013 Autoria: Todos os Vereadores =&gt; Requer um relat\u00f3rio contendo informa\u00e7\u00f5es sobre as despesas realizadas nos <b><span>Exerc\u00edcios de 2020, 2021 e 2022,</span></b> individualizadas<b><span> POR ANO E</span></b><span> <b>POR CREDOR,</b></span> referentes a <b><span>manuten\u00e7\u00e3o da frota de ve\u00edculos e m\u00e1quinas da municipalidade.</span></b><b><span></span></b></p>\r\n<p><b>MO\u00c7\u00c3O DE APELO N\u00ba 02/2023</b> \u2013 Autoria: Todos os Vereadores =&gt; Apela ao Poder Executivo Municipal para que adote provid\u00eancias concretas e efetivas quanto a seguran\u00e7a e prote\u00e7\u00e3o dos alunos e servidores das unidades de ensino de nosso Munic\u00edpio.<b></b></p>\r\n<p>\u00a0</p>\r\n<p>\u00a0</p>\r\n<p>ORDEM DO DIA</p>\r\n<p>1\u00aa DISCUSS\u00c3O E VOTA\u00c7\u00c3O DO <b>PROJETO DE LEI N\u00ba 04/2023</b> \u2013 Autoriza o Poder Executivo Municipal a alienar bens m\u00f3veis inserv\u00edveis para a municipalidade e d\u00e1 outras provid\u00eancias. <b>Aprovado por unanimidade.</b></p>\r\n<p>DISCUSS\u00c3O E VOTA\u00c7\u00c3O DA REDA\u00c7\u00c3O FINAL DO <b>PROJETO DE LEI N\u00ba 01/2023</b> \u2013 Disp\u00f5e sobre a tabela de pre\u00e7os de presta\u00e7\u00e3o de servi\u00e7os e utiliza\u00e7\u00e3o de equipamentos e d\u00e1 outras provid\u00eancias. <b>Aprovado por unanimidade.</b></p>\r\n<p>DISCUSS\u00c3O E VOTA\u00c7\u00c3O DO <b>REQUERIMENTO N\u00ba 02/2023</b> \u2013 Autoria: Todos os Vereadores =&gt; Requer um relat\u00f3rio contendo informa\u00e7\u00f5es sobre as despesas realizadas no Exerc\u00edcio de 2022, por credor, referentes a manuten\u00e7\u00e3o da frota de ve\u00edculos e m\u00e1quinas da municipalidade.<b> Aprovado por unanimidade.</b></p>\r\n<p>DISCUSS\u00c3O E VOTA\u00c7\u00c3O DA <b>MO\u00c7\u00c3O DE APELO N\u00ba 02/2023</b> \u2013 Autoria: Todos os Vereadores =&gt; Apela ao Poder Executivo Municipal para que adote provid\u00eancias concretas e efetivas quanto a seguran\u00e7a e prote\u00e7\u00e3o dos alunos e servidores das unidades de ensino de nosso Munic\u00edpio.<b> Aprovado por unanimidade.</b></p>\r\n<p>\u00a0</p>\r\n<p>EXPLICA\u00c7OES PESSOAIS</p>\r\n<p><b>Vereador Jorge Luiz Sardo (MDB) </b>comentando sobre a semana que passou a qual foi vivenciado trag\u00e9dias. Em Blumenau no Centro de Educa\u00e7\u00e3o Infantil Bom Pastor ataque que acarretou na morte de quatro crian\u00e7as. E acabou alarmando a regi\u00e3o toda. Assim os Vereadores apresentam Mo\u00e7\u00e3o de Apelo para que a Prefeitura tome medidas de seguran\u00e7a. Relata que o costume \u00e9 deixar port\u00f5es abertos, mas que ter\u00e1 que ser mudado. E que deve se investir para evitar uma trag\u00e9dia neste munic\u00edpio.</p>\r\n<p>E aqui em Imbuia, no s\u00e1bado, ocorreu a trag\u00e9dia que foi tirada a vida de uma pessoa muito boa, Senhor Orli da Silva. Pessoa que gostava de cuidar de animais, especialmente os abandonados no Parque. Destaca a preocupa\u00e7\u00e3o com as pessoas estranhas que h\u00e1 no munic\u00edpio e que tem que tomar cuidado em virtude de haver pessoas mal intencionadas. Solicita ainda de Oficio de Condol\u00eancias \u00e0 fam\u00edlia do Senhor Orli Valdemiro da Silva.</p>\r\n<p>Refor\u00e7a a Indica\u00e7\u00e3o apresentada no ano de 2021 para que a denomina\u00e7\u00e3o do Grupamento da Policia Militar de Imbuia em homenagem ao Sargento Juarez Peixe.</p>\r\n<p>Sobre a situa\u00e7\u00e3o dos ciganos coloca que foi cobrado e na Prefeitura e pegou c\u00f3pia de Oficio que a Prefeitura tinha envia solicitando a sa\u00edda e dando prazo at\u00e9 dia 11. Ou seja, j\u00e1 estava agindo para a retirada deles do Parque.</p>\r\n<p>Solicitou aten\u00e7\u00e3o do Executivo Municipal com a Rua Fernando Allein. Para que fizesse limpeza e recupera\u00e7\u00e3o das bocas de lobo. Destacando que a rua \u00e9 uma das chegadas do munic\u00edpio.</p>\r\n<p><b>Vereador Leonir Pedro Braun (PODEMOS) </b>comentando sobre a Mo\u00e7\u00e3o de Apelo para tomadas de a\u00e7\u00f5es efetivas nas unidades de educa\u00e7\u00e3o. Aponta que antes das mudan\u00e7as nas estruturas deve-se realizada a contrata\u00e7\u00e3o de seguran\u00e7as para unidades de educa\u00e7\u00e3o. Ressalta que assuntos de origem escolar somente vem a tona quando tragedias como a que ocorreu em Blumenau.</p>\r\n<p>Segue comenta sobre lombada que j\u00e1 pediu na Rua Governador Celso Ramos. Aonde enquanto as pessoas n\u00e3o entenderem que rua n\u00e3o \u00e9 pista de corrida e antes de acontecer uma fatalidade vai continuar pedindo lombada. Nas proximidades do Deposito do Adirso Scheidt um carro bateu em uma caminhonete a partindo no meio de tamanha velocidade que estava.</p>\r\n<p>Segue defende seu Projeto de Lei 07/2023 para que seja denominada de Rua Jos\u00e9 Jo\u00e3o Peixe. Apresentando a biografia do homenageado destacando sua fam\u00edlia, suas a\u00e7\u00f5es principalmente na comunidade de Samambaia. E tamb\u00e9m atuando como delegado substituto por um ano. Conclui pedindo a aprova\u00e7\u00e3o da Lei pelos Vereadores.</p>\r\n<p>Ao encerramento o Presidente marcou a Pr\u00f3xima Sess\u00e3o Ordin\u00e1ria para o dia 17 de abril as 19 horas.</p>\r\n<p>Acesse a \u00edntegra da Sess\u00e3o <a href=\"https://www.youtube.com/watch?v=SZbPYg8NZXs\">aqui.</a></p>\r\n<p>Curta e siga a P\u00e1gina da C\u00e2mara assim saber\u00e1 tudo que o ocorre no legislativo do Munic\u00edpio.</p>\r\n<p>\u00a0</p>\r\n<p>\u00a0</p>\r\n<p>\u00a0</p>\r\n<p>\u00a0</p>", "author_name": "", "version": "1.0", "author_url": "https://www.imbuia.sc.leg.br/author/imb", "provider_name": "C\u00e2mara de Vereadores de Imbuia", "type": "rich"}