{"provider_url": "https://www.imbuia.sc.leg.br", "title": "09\u00aa Sess\u00e3o Ordin\u00e1ria (04.04.2022)", "html": "<p>\u00a0</p>\r\n<p>A C\u00e2mara Municipal de Imbuia realizou nesta segunda-feira (04) a nona Sess\u00e3o Ordin\u00e1ria do ano de 2022.</p>\r\n<p>\u00a0</p>\r\n<p>LEITURA DE MAT\u00c9RIAS LEGISLATIVAS:</p>\r\n<p>No expediente foram lidas as seguintes Mat\u00e9rias que ser\u00e3o analisadas pelos Vereadores:</p>\r\n<p><b>PROJETO DE LEI N\u00ba. 10, DE 24 DE MAR\u00c7O DE 2022</b> \u2013 Autoriza o Executivo Municipal a anular e a suplementar dota\u00e7\u00f5es or\u00e7ament\u00e1rias e d\u00e1 outras provid\u00eancias<b>.</b></p>\r\n<p>\u00a0</p>\r\n<p>MOMENTO DA PRESID\u00caNCIA</p>\r\n<p>Vereador Presidente Jorge Luiz Sardo (MDB) relatou da sua agenda da semana que passou. Ter\u00e7a feira acompanhando mun\u00edcipes de Imbuia para conhecer a ALESC e alguns pontos tur\u00edsticos de Florian\u00f3polis. Projeto do Deputado Estadual Jerry Comper e da qual considerou uma viagem e sendo que quem participou dela gostou.</p>\r\n<p>A partir da tarde fez inscri\u00e7\u00e3o em curso da qual participou durante a semana com o tema Emendas impositivas e as rela\u00e7\u00f5es Governamentais dos Vereadores com Governo do Estados e a Uni\u00e3o.</p>\r\n<p>Na quarta-feira, juntamente com o Prefeito Deni, Vice Lauri e Vereador Altair participou de Audi\u00eancia P\u00fablica na Defesa Civil para pedir uma galeria na Rua David Kammers. Aguardando projeto para ver se conseguir\u00e1.</p>\r\n<p>Na quinta-feira no per\u00edodo da tarde participou juntamente com as mulheres que comp\u00f5e o Conselho da Mulher de Imbuia de Palestra na ALESC. Palestra onde as mulheres gostaram de participar e destacando ser de assunto importante.</p>\r\n<p>Coloca que ainda conversou com Deputado Estadual Jerry Comper reinvidicou a obra da Serra da Ilha Grande onde ele repassou que cobra diariamente o inicio dela. Refor\u00e7a o papel do Vereador e tamb\u00e9m de Deputado de cobrar visto n\u00e3o ser estes que executam as obras.</p>\r\n<p>Comenta ainda que por rede sociais foram bastante criticados, principalmente por ter dado uma data de in\u00edcio que n\u00e3o aconteceu. Mas que est\u00e3o cobrando direto para que ela comece. Sendo que a obra j\u00e1 esta licitada e a empresa vencedora esta aguardando uma licen\u00e7a do IMA.</p>\r\n<p>Conclui pedindo a participa\u00e7\u00e3o dos Vereadores na Assembleia da UCAVI no pr\u00f3ximo s\u00e1bado. Valorizando a Institui\u00e7\u00e3o que \u00e9 modelo. \u00a0</p>\r\n<p>\u00a0\u00a0 \u00a0\u00a0\u00a0\u00a0\u00a0\u00a0\u00a0</p>\r\n<p>\u00a0\u00a0</p>\r\n<p>ORDEM DO DIA</p>\r\n<p>1\u00aa DISCUSS\u00c3O E VOTA\u00c7\u00c3O DO <b>PROJETO DE LEI COMPLEMENTAR N\u00ba 03, DE 03 DE MAR\u00c7O DE 2022</b> - Altera o n\u00famero de cargos da Lei Complementar n\u00ba 113, de 10 de novembro de 2021, que cria empregos p\u00fablicos de Agente Comunit\u00e1rio de Sa\u00fade e Agente de Combate \u00e0s Endemias, disp\u00f5e sobre o plano de carreira e d\u00e1 outras provid\u00eancias. <b>Aprovado por unanimidade.</b><b></b></p>\r\n<p>\u00a0</p>\r\n<p>EXPLICA\u00c7\u00d5ES PESSOAIS</p>\r\n<p><b>Vereadora K\u00e9trin Priscila Sell (MDB) </b>Parabenizou os organizadores do evento em homenagem ao Dia da Mulher no dia trinta de mar\u00e7o. Colocando como sucesso com a participa\u00e7\u00e3o de mais de quatrocentas mulheres. Justificando que n\u00e3o pode participar por estar em curso na cidade de Florian\u00f3polis, juntamente com a Vereadora Giani. Mas at\u00e9 agora vem escutando somente elogios.</p>\r\n<p>Outro evento foi realizado na quinta-feira para as mulheres do Conselho Municipal dos Direitos da Mulher, organizado pela Bancada feminina da ALESC. Onde elas conheceram o Observat\u00f3rio da Viol\u00eancia da Mulher em Santa Catarina. Ressaltando ser muito bom ter um grupo participativo, pois desta forma o munic\u00edpio s\u00f3 tem a ganhar.</p>\r\n<p>Apresentou ainda que Secret\u00e1ria da Sa\u00fade est\u00e1 com campanhas de Vacina de Influenza e Sarampo. Haver\u00e1 a segunda edi\u00e7\u00e3o do programa de sa\u00fade e bem estar. E logo ter\u00e1 o lan\u00e7amento do Programa Previne Mulher 2022.</p>\r\n<p>Na semana anterior encerrou o Grupo de Gestantes com ampla participa\u00e7\u00e3o de pais e m\u00e3es. E a obra do centro de especialidades que em toques finais e logo estar\u00e1 conclu\u00edda.</p>\r\n<p>\u00a0Apresentou sobre o Curso participado na cidade de Florian\u00f3polis entre os dias 29 e 01 de abril organizado pela Empresa de Centro de Estudos da Administra\u00e7\u00e3o P\u00fablica (CEAP) participando juntamente com a Vereadora Giani, Vereador Jorge e Servidores Laudir e Marcos. Curso com o tema Emendas Impositivas e as rela\u00e7\u00f5es Governamentais dos Vereadores com Governo do Estados e a Uni\u00e3o. Um assunto de muita import\u00e2ncia para todos.</p>\r\n<p>Colocou sobre a Participa\u00e7\u00e3o juntamente com a Vereadora Giani do 02\u00ba Encontro de Mulheres Parlamentares Municipais com a presen\u00e7a do Vice Governadora do Estado. Tendo onde entre os temas abordados a participa\u00e7\u00e3o Femina na politica e os desafios da Vereadora Mulher.</p>\r\n<p>\u00a0</p>\r\n<p><b>Vereador Leonir Pedro Braun (PODEMOS) </b>comentando sobre o trabalho que ir\u00e1 realizar \u201cconhecendo Imbuia\u201d objetivando contar a hist\u00f3ria imbuiense. Destacou que saber a hist\u00f3ria e seu processo constitutivo \u00e9 o caminho para constru\u00e7\u00e3o de uma identidade. Propiciando o conhecimento e valoriza\u00e7\u00e3o do munic\u00edpio aos moradores.</p>\r\n<p>A realiza\u00e7\u00e3o \u00e9 uma busca de saber o que se conhece observando os cem anos de coloniza\u00e7\u00e3o e sessenta de emancipa\u00e7\u00e3o. Estabelecendo a rela\u00e7\u00e3o entre passado, presente e futuro. Desenvolvendo no mun\u00edcipe uma forma diferenciada de conhecer a hist\u00f3ria. Possibilitando a todos conhecer a hist\u00f3ria e observar os avan\u00e7os do munic\u00edpio.</p>\r\n<p>Colocando que todas as segundas feiras at\u00e9 o anivers\u00e1rio de emancipa\u00e7\u00e3o ir\u00e3o contar a hist\u00f3ria do munic\u00edpio por meio de hist\u00f3rias, biografias e lendas e outros casos que vem a fazer parte da hist\u00f3ria. Tendo como material base os dois livros escritos sobre a hist\u00f3rias do munic\u00edpio Levantado analises de fotos, rodas de conversas, depoimentos e demais casos que ir\u00e1 relatar.</p>\r\n<p>\u00a0</p>\r\n<p><b>Vereador Altair Rengel (PP) </b>convidou a todos a participaram na sexta as 17 horas a entrega do carro da APAE com participa\u00e7\u00e3o do Deputado Jos\u00e9 Milton Scheffer e aonde tamb\u00e9m vai relatar de recurso para fazer a cobertura do pr\u00e9dio da APAE.</p>\r\n<p>\u00a0\u00a0\u00a0\u00a0\u00a0\u00a0\u00a0\u00a0 \u00a0\u00a0</p>\r\n<p>Ao encerramento o Senhor Presidente marcou a Pr\u00f3xima Sess\u00e3o Ordin\u00e1ria para o dia 11 de abril as 19:00 horas.</p>\r\n<p>Acesse a \u00edntegra da Sess\u00e3o <a href=\"https://www.youtube.com/watch?v=JuCoB5QD5xI\">aqui.</a></p>\r\n<p>Curta e siga a P\u00e1gina da C\u00e2mara assim saber\u00e1 tudo que o ocorre no legislativo do Munic\u00edpio.</p>\r\n<p>\u00a0</p>", "author_name": "", "version": "1.0", "author_url": "https://www.imbuia.sc.leg.br/author/imb", "provider_name": "C\u00e2mara de Vereadores de Imbuia", "type": "rich"}