{"provider_url": "https://www.imbuia.sc.leg.br", "title": "09\u00aa Sess\u00e3o Ordin\u00e1ria (03.04.2023)", "html": "<p>\u00a0</p>\r\n<p>A C\u00e2mara Municipal de Imbuia realizou nesta segunda-feira (03) a nona \u00a0Sess\u00e3o ordin\u00e1ria de 2023.</p>\r\n<p>\u00a0</p>\r\n<p>\u00a0</p>\r\n<p>ORDEM DO DIA</p>\r\n<p>2\u00aa DISCUSS\u00c3O E VOTA\u00c7\u00c3O DO <b>PROJETO DE LEI N\u00ba 01/2023</b> \u2013 Disp\u00f5e sobre a tabela de pre\u00e7os de presta\u00e7\u00e3o de servi\u00e7os e utiliza\u00e7\u00e3o de equipamentos e d\u00e1 outras provid\u00eancias. Bem como sua Emenda Modificativa n\u00ba 01/2023.<b> Aprovado por unanimidade.</b></p>\r\n<p>\u00a0</p>\r\n<p>EXPLICA\u00c7OES PESSOAIS</p>\r\n<p><b>Vereador Jorge Luiz Sardo (MDB) </b>apresentou relat\u00f3rio sobre curso que participou nos dias 28, 29, 30 e 31 na cidade de Florian\u00f3polis junto ao Vereador Altair Rengel e aos Servidores Marcos Ant\u00f4nio de Souza e Laudir Givanildo Schvindan. O tema abordado foi Regimento Interno e sua atualiza\u00e7\u00e3o. Destacou que esta casa tem um Regimento atualizado que foi elaborado no ano de 2020, mandato do Vereador Aldori Rengel com trabalho do servidor Marcos e que est\u00e1 em constante estudo deixa-lo melhor para o bom andamento dos trabalhos do legislativo. E apresenta ainda que muitas C\u00e2maras tem o mesmo Regimento desde 1993 e que passam dificuldade com isso.</p>\r\n<p>Ao encerramento o Presidente marcou a Pr\u00f3xima Sess\u00e3o Ordin\u00e1ria para o dia 10 de abril as 19 horas.</p>\r\n<p>Acesse a \u00edntegra da Sess\u00e3o <a href=\"https://www.youtube.com/watch?v=ueZWwt5Mldg\">aqui.</a></p>\r\n<p>Curta e siga a P\u00e1gina da C\u00e2mara assim saber\u00e1 tudo que o ocorre no legislativo do Munic\u00edpio.</p>\r\n<p>\u00a0</p>\r\n<p>\u00a0</p>\r\n<p>\u00a0</p>\r\n<p>\u00a0</p>", "author_name": "", "version": "1.0", "author_url": "https://www.imbuia.sc.leg.br/author/imb", "provider_name": "C\u00e2mara de Vereadores de Imbuia", "type": "rich"}