{"provider_url": "https://www.imbuia.sc.leg.br", "title": "07\u00aa Ordin\u00e1ria e 01\u00aa Extraordin\u00e1ria", "html": "<p>\u00a0</p>\r\n<p>A C\u00e2mara Municipal de Imbuia realizou nesta segunda-feira (20) a s\u00e9tima Sess\u00e3o ordin\u00e1ria de 2023.</p>\r\n<p>\u00a0</p>\r\n<p>LEITURA DE MAT\u00c9RIAS LEGISLATIVAS:</p>\r\n<p>PROJETO DE LEI N\u00ba 04/2023 \u2013 Autoriza o Poder Executivo Municipal a alienar bens m\u00f3veis inserv\u00edveis para a municipalidade e d\u00e1 outras provid\u00eancias.</p>\r\n<p>PROJETO DE LEI N\u00ba 05/2023 \u2013 Autoriza o Poder Executivo Municipal a anular dota\u00e7\u00f5es or\u00e7ament\u00e1rias e a criar cr\u00e9dito especial.</p>\r\n<p>PROJETO DE LEI N\u00ba 06/2023 \u2013 Institui o Conselho Tutelar do Munic\u00edpio de Imbuia e d\u00e1 outras provid\u00eancias</p>\r\n<p>PROJETO DE DECRETO LEGISLATIVO N\u00ba 02/2023 \u2013 Autoria: Mesa Diretora =&gt; corrige monetariamente o valor das di\u00e1rias do Poder Legislativo, utilizando-se o \u00cdndice Nacional de Pre\u00e7os ao Consumidor - INPC.</p>\r\n<p>MO\u00c7\u00c3O N\u00ba 01/2023 \u2013 Autoria: Jorge Luiz Sardo =&gt; Apela ao Executivo Municipal que adote provid\u00eancias concretas no sentido de minimizar os problemas dos animais de rua de nosso Munic\u00edpio, executando as a\u00e7\u00f5es sugeridas na presente Mo\u00e7\u00e3o.</p>\r\n<p>INDICA\u00c7\u00c3O N\u00ba 06/2023 \u2013 Autoria: Vereador Leonir Pedro Braun =&gt; Sugere ao Executivo Municipal que efetue a corre\u00e7\u00e3o do grau de inclina\u00e7\u00e3o da curva que fica logo ap\u00f3s a ponte da Rua Adolfo Melo.</p>\r\n<p>\u00a0</p>\r\n<p>ORDEM DO DIA</p>\r\n<p>1\u00aa DISCUSS\u00c3O E VOTA\u00c7\u00c3O DO <b>PROJETO DE LEI COMPLEMENTAR N\u00ba 02/2023</b> \u2013 Disp\u00f5e sobre os adicionais de Gradua\u00e7\u00e3o e P\u00f3s-Gradua\u00e7\u00e3o e d\u00e1 outras provid\u00eancias. <b>Aprovado por unanimidade.</b><b></b></p>\r\n<p><b>\u00a0</b></p>\r\n<p>1\u00aa DISCUSS\u00c3O E VOTA\u00c7\u00c3O DO <b>PROJETO DE LEI COMPLEMENTAR N\u00ba 03/2023</b> \u2013 Disp\u00f5e sobre os adicionais de Gradua\u00e7\u00e3o e P\u00f3s-Gradua\u00e7\u00e3o do Poder Legislativo e d\u00e1 outras provid\u00eancias<b> Aprovado por unanimidade.</b></p>\r\n<p>1\u00aa DISCUSS\u00c3O E VOTA\u00c7\u00c3O DO <b>PROJETO DE LEI N\u00ba 03/2023</b> \u2013 Disp\u00f5e sobre a denomina\u00e7\u00e3o de Rua Arc\u00eanio Francisco da Silva. <b>Aprovado por unanimidade.</b></p>\r\n<p>\u00a0DISCUS\u00c7\u00c3O E VOTA\u00c7\u00c3O DO <b>PROJETO DE DECRETO LEGISLATIVO N\u00ba 02/2023</b> \u2013 Autoria: Mesa Diretora =&gt; corrige monetariamente o valor das di\u00e1rias do Poder Legislativo, utilizando-se o \u00cdndice Nacional de Pre\u00e7os ao Consumidor - INPC. <b>Aprovado por unanimidade.</b></p>\r\n<p>DISCUS\u00c7\u00c3O E VOTA\u00c7\u00c3O DA <b>MO\u00c7\u00c3O N\u00ba 01/2023</b> \u2013 Autoria: Jorge Luiz Sardo =&gt; Apela ao Executivo Municipal que adote provid\u00eancias concretas no sentido de minimizar os problemas dos animais de rua de nosso Munic\u00edpio, executando as a\u00e7\u00f5es sugeridas na presente Mo\u00e7\u00e3o.<b> Aprovado por unanimidade.</b></p>\r\n<p>\u00a0</p>\r\n<p>EXPLICA\u00c7OES PESSOAIS</p>\r\n<p><b>Vereadora K\u00e9trin Priscila Sell (MDB): </b>apresentou da reforma do jardim da Samambaia que esta caminhando bem apesar do tempo n\u00e3o ajudar. E que no dia de hoje os pais fizeram mutir\u00e3o para embelezar o Jardim.</p>\r\n<p>Sobre o cemit\u00e9rio colocou que mesmo sem inaugurar vai precisar de reforma. Mas que segundo o Prefeito recebeu a libera\u00e7\u00e3o do IMA e por isso j\u00e1 poder\u00e1 ser inaugurado.</p>\r\n<p>Relata que ser\u00e1 levada \u00e1gua da CASAN para a comunidade de Samambaia. Os canos j\u00e1 instalados at\u00e9 pr\u00f3ximo ao cemit\u00e9rio.</p>\r\n<p>Sobre a fala da semana anterior comenta que j\u00e1 foi reservado uma ambul\u00e2ncia pelo CIN CATARINA.</p>\r\n<p>E retificando ainda sua fala da semana anterior, lembra da Elaine que \u00e9 a Agente de Combate de Endemias e agradece pelo trabalho dela.</p>\r\n<p>Parabeniza o Vereador Jorge pela mo\u00e7\u00e3o apresentada.</p>\r\n<p><b>Vereador Leonir Pedro Braun (PODEMOS): </b>Defende a sua Indica\u00e7\u00e3o para fazer a corre\u00e7\u00e3o do grau de inclina\u00e7\u00e3o da curva ap\u00f3s a ponte na rua Adolfo Mello. Apresentando que \u00e9 uma rua que joga pra fora e assim causa muitos acidentes. Lembrando que j\u00e1 caiu um caminh\u00e3o pipa, uma primeira dama e o pr\u00f3prio vereador. Refor\u00e7ando que com garoa ela ainda se torna bem escorregadia. Refor\u00e7ando ainda que \u00e9 pedido j\u00e1 feito ano passado e ate mandato passado, e pede de novo refor\u00e7ando.</p>\r\n<p>Parabeniza Secretaria de Educa\u00e7\u00e3o e Dire\u00e7\u00e3o de Esportes pela realiza\u00e7\u00e3o do Campeonato de Futebol de Campo que conta com dez equipes que representam tanto o centro como as comunidades. E da qual ser\u00e1 uma disputa em alto n\u00edvel.</p>\r\n<p>Parabeniza a Dire\u00e7\u00e3o de Turismo pela bela fei\u00e7\u00e3o do balan\u00e7o na pra\u00e7a Prefeito Jose Hor\u00e1cio Laurindo que com fundo do balan\u00e7o fica a frente da Igreja ficando um belo cen\u00e1rio para foto. E assim mais um local para que as pessoas possam registrar e levar o nome de Imbuia adiante.</p>\r\n<p>Comenta sobre a Reuni\u00e3o da UCAVI em Vidal Ramos aonde contou com a presen\u00e7a dos nove Vereadores. Com reuni\u00e3o sobre a fumicultura e com discuss\u00e3o sobre a valoriza\u00e7\u00e3o do produtor.</p>\r\n<p>Parabeniza o Vereador Jorge por apresentar a mo\u00e7\u00e3o, destacando a preocupa\u00e7\u00e3o com o abandono de animais no munic\u00edpio.</p>\r\n<p>Solicitou o envio de oficio de condol\u00eancias a fam\u00edlia de Rog\u00e9rio Soares, que por muitos anos foi funcion\u00e1rio p\u00fablico do munic\u00edpio na atividade de Motorista da Secretaria da Sa\u00fade.</p>\r\n<p><b>Vereador Jorge Luiz Sardo (MDB) </b>justifica que apresentou a Mo\u00e7\u00e3o com o intuito de ajudar, em especial as cuidadoras de animais,\u00a0 quanto aos animais em situa\u00e7\u00e3o de abandono. Relata que entrou em contato com outros munic\u00edpios para saber de a\u00e7\u00f5es que deram certo. E um contato com Vereadora de outro munic\u00edpio ela apresentou que eles t\u00eam Lei especifica para causa animal. Ressalta que o abandono de animal \u00e9 crime. E que pode ser realizado mutir\u00e3o de castra\u00e7\u00e3o. Apresenta que tem duas veterin\u00e1rias que fazem evento de castra\u00e7\u00e3o itinerante, com hist\u00f3rico de atender munic\u00edpios vizinhos, mas quando chega na Imbuia trava e n\u00e3o acontece.\u00a0 E espera assim que o munic\u00edpio busque tomar a\u00e7\u00f5es e refor\u00e7a o pedido de ajuda aos Vereadores.</p>\r\n<p>Comenta sobre o balan\u00e7o, da qual foi ganhado para o Stammtisch. E doado pela empresa SEMATRA do Senhor Gentil Becker. Na \u00e9poca conversou com Padre Julio e com Diretor de Turismo Nei, aonde foi instalado na frente da Igreja, em um local muito bonito.</p>\r\n<p>Convida a todos a prestigiarem a Festa da Igreja Evangelica da Nova Alemanha no pr\u00f3ximo domingo.</p>\r\n<p>E em tempo ressaltou da atividade de colocar chip e assim poder identificar o animal e poder punir quem abandona.</p>\r\n<p>SESS\u00c2O EXTRAORDINARIA</p>\r\n<p>Discuss\u00e3o e Vota\u00e7\u00e3o do <b>PROJETO DE DECRETO LEGISLATIVO 01/2023 </b>Aprova as Contas do Prefeito Municipal de Imbuia, inerentes ao Exerc\u00edcio de 2021. Aprovado por unanimidade.<b></b></p>\r\n<p>Ao encerramento o Presidente marcou a Pr\u00f3xima Sess\u00e3o Ordin\u00e1ria para o dia vinte de mar\u00e7o as 19 horas.</p>\r\n<p>Acesse a \u00edntegra da Sess\u00e3o <a href=\"https://www.youtube.com/watch?v=H3SA8U7z3u8\">aqui.</a></p>\r\n<p>Curta e siga a P\u00e1gina da C\u00e2mara assim saber\u00e1 tudo que o ocorre no legislativo do Munic\u00edpio.</p>\r\n<p>\u00a0</p>\r\n<p>\u00a0</p>\r\n<p>Jorge defende Mo\u00e7\u00e3o: Pediu aprova\u00e7\u00e3o da Mo\u00e7\u00e3o, aonde varias pessoas cuidadoras procuram os Vereadores. E assim justifica a Mo\u00e7\u00e3o como uma forma de minimizar o problema da causa animal.</p>\r\n<p>\u00a0</p>", "author_name": "", "version": "1.0", "author_url": "https://www.imbuia.sc.leg.br/author/imb", "provider_name": "C\u00e2mara de Vereadores de Imbuia", "type": "rich"}