{"provider_url": "https://www.imbuia.sc.leg.br", "title": "06\u00aa Sess\u00e3o Ordin\u00e1ria (14.03.2022)", "html": "<p>\u00a0</p>\r\n<p>A C\u00e2mara Municipal de Imbuia realizou nesta segunda-feira (14) a sexta Sess\u00e3o Ordin\u00e1ria do ano de 2022.</p>\r\n<p>\u00a0</p>\r\n<p>LEITURA DE MAT\u00c9RIAS LEGISLATIVAS:</p>\r\n<p>No expediente foram lidas as seguintes Mat\u00e9rias que ser\u00e3o analisadas pelos Vereadores:</p>\r\n<p><b>PROJETO DE RESOLU\u00c7\u00c3O N\u00ba. 01, DE 10 DE MAR\u00c7O DE 2022</b>. - Autoriza a participa\u00e7\u00e3o de Vereadores e Servidores na XXI Marcha dos Legislativos Municipais, promovida pela Uni\u00e3o dos Vereadores do Brasil \u2013 UVB.</p>\r\n<p><b>PROJETO DE RESOLU\u00c7\u00c3O N\u00ba. 02, DE 10 DE MAR\u00c7O DE 2022</b> - Autoriza a participa\u00e7\u00e3o de Vereadores e Servidores no curso Emendas Impositivas e as Rela\u00e7\u00f5es Governamentais dos Vereadores com Governo do Estado e Uni\u00e3o, promovido pelo Centro de Estudos da Administra\u00e7\u00e3o P\u00fablica - CEAP Brasil.</p>\r\n<p>MOMENTO DA PRESID\u00caNCIA</p>\r\n<p>Vereador Presidente Jorge Luiz Sardo (MDB) parabenizou os organizadores da 08\u00aa Cavalgada do Ama realizada no \u00faltimo s\u00e1bado (dia 12).</p>\r\n<p>Parabeniza a Administra\u00e7\u00e3o Municipal pela organiza\u00e7\u00e3o do Parque que facilitou a organiza\u00e7\u00e3o da cavalgada. E a pessoa do Vice Prefeito Lauri que quando a frente da administra\u00e7\u00e3o fez as Mesa que hoje est\u00e3o em uso.</p>\r\n<p>Sugerindo que o Pavilh\u00e3o fique como est\u00e1 possibilitando a realiza\u00e7\u00e3o de mais eventos l\u00e1. E se manter como est\u00e1 mais eventos poder\u00e3o ser realizados l\u00e1.</p>\r\n<p>\u00a0\u00a0</p>\r\n<p>ORDEM DO DIA</p>\r\n<p>1\u00aa DISCUSS\u00c3O E VOTA\u00c7\u00c3O DO PROJETO DE LEI N\u00ba 01/2022 \u2013 Autoriza o Poder Executivo Municipal a cancelar d\u00e9bitos dos contribuintes, devido a sua prescri\u00e7\u00e3o e d\u00e1 outras provid\u00eancias. <b>Aprovado por unanimidade.</b><b></b></p>\r\n<p>1\u00aa DISCUSS\u00c3O E VOTA\u00c7\u00c3O DO PROJETO DE LEI N\u00ba 04/2022 \u2013 Altera e acrescenta dispositivos a Lei n\u00ba 1.753, de 25 de agosto de 2001, que disp\u00f5e sobre a guarda, o dep\u00f3sito e a venda de ve\u00edculos, removidos, apreendidos e/ou retirado de circula\u00e7\u00e3o, bem como, sobre os servi\u00e7os de remo\u00e7\u00e3o de ve\u00edculos em decorr\u00eancia ou infra\u00e7\u00e3o \u00e0 legisla\u00e7\u00e3o de tr\u00e2nsito nas vias p\u00fablicas do munic\u00edpio de Imbuia e d\u00e1 outras provid\u00eancias.<b> Aprovado por unanimidade.</b></p>\r\n<p>1\u00aa DISCUSS\u00c3O E VOTA\u00c7\u00c3O DO PROJETO DE LEI N\u00ba 05/2022 \u2013 Autoriza o Executivo Municipal a efetuar o pagamento de despesas dos exerc\u00edcios anteriores. <b>Aprovado por unanimidade.</b></p>\r\n<p>1\u00aa DISCUSS\u00c3O E VOTA\u00c7\u00c3O DO PROJETO DE LEI N\u00ba 06/2022 \u2013 Ratifica as altera\u00e7\u00f5es realizadas no protocolo de inten\u00e7\u00f5es, consubstanciado no contrato de cons\u00f3rcio p\u00fablico do cons\u00f3rcio de inova\u00e7\u00e3o na gest\u00e3o p\u00fablica (CIGA), e d\u00e1 outras providencias.<b> Aprovado por unanimidade.</b></p>\r\n<p>1\u00aa DISCUSS\u00c3O E VOTA\u00c7\u00c3O DO PROJETO DE LEI N\u00ba 07/2022 \u2013 Altera o Protocolo de Inten\u00e7\u00f5es do Cons\u00f3rcio P\u00fablico denominado de Ag\u00eancia Reguladora Intermunicipal de Saneamento (ARIS), anexo da Lei n\u00ba 1.510, de 2011, e d\u00e1 outras provid\u00eancias. <b>Aprovado por unanimidade.</b></p>\r\n<p>1\u00aa DISCUSS\u00c3O E VOTA\u00c7\u00c3O DO PROJETO DE LEI N\u00ba 08, DE 03 DE MAR\u00c7O DE 2022 - Altera a Lei n\u00ba 1.505, de 28 de setembro de 2011. Autoria: Mesa Diretora. <b>Aprovado por unanimidade.</b></p>\r\n<p>DISCUSS\u00c3O E VOTA\u00c7\u00c3O DO PROJETO DE RESOLU\u00c7\u00c3O N\u00ba. 01, DE 10 DE MAR\u00c7O DE 2022 - Autoriza a participa\u00e7\u00e3o de Vereadores e Servidores na XXI Marcha dos Legislativos Municipais, promovida pela Uni\u00e3o dos Vereadores do Brasil \u2013 UVB. <b>Aprovado por unanimidade.</b></p>\r\n<p>DISCUSS\u00c3O E VOTA\u00c7\u00c3O DO PROJETO DE RESOLU\u00c7\u00c3O N\u00ba. 02, DE 10 DE MAR\u00c7O DE 2022 - Autoriza a participa\u00e7\u00e3o de Vereadores e Servidores no curso Emendas Impositivas e as Rela\u00e7\u00f5es Governamentais dos Vereadores com Governo do Estado e Uni\u00e3o, promovido pelo Centro de Estudos da Administra\u00e7\u00e3o P\u00fablica - CEAP Brasil. <b>Aprovado por unanimidade.</b></p>\r\n<p>\u00a0</p>\r\n<p>Ao encerramento o Senhor Presidente marcou a Pr\u00f3xima Sess\u00e3o Ordin\u00e1ria para o dia 21 de mar\u00e7o as 19:00 horas.</p>\r\n<p>Acesse a \u00edntegra da Sess\u00e3o <a href=\"https://www.youtube.com/watch?v=l5Ufr5YL8dQ\">aqui.</a></p>\r\n<p>Curta e siga a P\u00e1gina da C\u00e2mara assim saber\u00e1 tudo que o ocorre no legislativo do Munic\u00edpio.</p>\r\n<p>\u00a0</p>", "author_name": "", "version": "1.0", "author_url": "https://www.imbuia.sc.leg.br/author/imb", "provider_name": "C\u00e2mara de Vereadores de Imbuia", "type": "rich"}