{"provider_url": "https://www.imbuia.sc.leg.br", "title": "06\u00aa Sess\u00e3o Ordin\u00e1ria", "html": "<p>\u00a0</p>\r\n<p>A C\u00e2mara Municipal de Imbuia realizou nesta segunda-feira (13) a sexta Sess\u00e3o ordin\u00e1ria de 2023.</p>\r\n<p>\u00a0</p>\r\n<p>LEITURA DE MAT\u00c9RIAS LEGISLATIVAS:</p>\r\n<p><b>PROJETO DE RESOLU\u00c7\u00c3O N\u00ba 02/2023</b> \u2013 Autoria: Mesa Diretora =&gt; Autoriza a participa\u00e7\u00e3o de Vereadores e Servidores no curso Masterclass \u2013 Lei Org\u00e2nica e Regimento Interno, a realizar-se entre os dias 28 a 31 de mar\u00e7o de 2023, em Florian\u00f3polis \u2013 SC, evento promovido pelo Centro de Estudos da Administra\u00e7\u00e3o P\u00fablica \u2013 Ceap Brasil.</p>\r\n<p><b>INDICA\u00c7\u00c3O N\u00ba 05/2023</b> \u2013 Autoria: Vereador Leonir Pedro Braun =&gt; Sugere ao Executivo Municipal, que sejam implantadas placas com a indica\u00e7\u00e3o dos nomes das vias p\u00fablicas do per\u00edmetro urbano de nosso Munic\u00edpio, bem como, placas de regulamenta\u00e7\u00e3o de tr\u00e2nsito, e ainda, sejam corrigidas a numera\u00e7\u00e3o j\u00e1 existente nos pr\u00e9dios e resid\u00eancias</p>\r\n<p>ORDEM DO DIA</p>\r\n<p>2\u00aa DISCUSS\u00c3O E VOTA\u00c7\u00c3O DO PROJETO DE LEI COMPLEMENTAR N\u00ba 01/2023 \u2013 Altera a Lei Complementar n\u00ba 12, de 2003, que trata da Estrutura, quadro de Pessoal e o Plano de Carreira dos Servidores P\u00fablicos Municipais; Altera a Lei Complementar n\u00ba 113 de 2021 sobre ACS e ACE. Favor\u00e1vel: Aldori Rengel, Altair Rengel, Ant\u00f4nio Truppel,\u00a0 Jorge Luiz Sardo, Leonir Pedro Braun e Marcio Scheimann. Absten\u00e7\u00e3o: Giani Ferreira da Silva e Ketrin Priscila Sell. <b>Aprovado por Maioria</b></p>\r\n<p>2\u00aa DISCUSS\u00c3O E VOTA\u00c7\u00c3O DO PROJETO DE LEI N\u00ba 02/2023 \u2013 Concede Revis\u00e3o Geral Anual aos Servidores empregados p\u00fablicos municipais, ativos e inativos, do Executivo e Legislativo, inclusive aos Agentes Pol\u00edticos, conforme estabelece o artigo 37, inciso X, da Constitui\u00e7\u00e3o Federal e Artigo 18-A da Lei Org\u00e2nica do Munic\u00edpio de Imbuia e d\u00e1 outras provid\u00eancias. <b>Aprovado por unanimidade.</b></p>\r\n<p><b>PROJETO DE RESOLU\u00c7\u00c3O N\u00ba 02/2023</b> \u2013 Autoria: Mesa Diretora =&gt; Autoriza a participa\u00e7\u00e3o de Vereadores e Servidores no curso Masterclass \u2013 Lei Org\u00e2nica e Regimento Interno, a realizar-se entre os dias 28 a 31 de mar\u00e7o de 2023, em Florian\u00f3polis \u2013 SC, evento promovido pelo Centro de Estudos da Administra\u00e7\u00e3o P\u00fablica \u2013 Ceap Brasil. <b>Aprovado por unanimidade.</b></p>\r\n<p>\u00a0</p>\r\n<p>EXPLICA\u00c7OES PESSOAIS</p>\r\n<p><b>Vereadora K\u00e9trin Priscila Sell (MDB): </b>relatou que a Secretaria de Sa\u00fade tem duas ambul\u00e2ncias, uma de 2019 e uma de 2021, sendo que a de 2019 vem apresentando v\u00e1rios problemas e que somente no ano passado gerou de despesa em torno de 17 mil reais. Lembra que no ano de 2021 a Prefeitura recebeu emenda no valor de 150 mil reais para aquisi\u00e7\u00e3o de uma nova ambul\u00e2ncia, porem n\u00e3o o fez por entender estar bem servida naquele momento. E no ano passado quando surgiu os problemas na ambul\u00e2ncia sugeriu da compra da nova e que teve como resposta que n\u00e3o era momento pela quest\u00e3o da contrapartida. E j\u00e1 neste ano foi adquirido um veiculo para administra\u00e7\u00e3o com contrapartida de 60 mil reais. Questionando qual a prioridade e lembrando que a ambul\u00e2ncia \u00e9 para uso de todos ainda mais envolvendo sa\u00fade. E ressalta que continuar\u00e1 esperando a aquisi\u00e7\u00e3o da ambul\u00e2ncia e que espera que o recurso n\u00e3o retorne ao Governo Federal.</p>\r\n<p>Parabenizou as Agentes de Sa\u00fade pela realiza\u00e7\u00e3o de uma varredura por terem encontrado um foco de dengue para ver se encontrava algo mais.</p>\r\n<p>\u00a0</p>\r\n<p><b>Vereador Jorge Luiz Sardo (MDB): </b>Cintado sua filha e sua esposa, servidoras da C\u00e2mara e Vereadoras parabeniza todas mulheres do munic\u00edpio pela passagem do dia da mulher.</p>\r\n<p>Parabenizou a equipe do Desportivo pela conquista da Copa Cebol\u00e3o, categoria futsal sub-18.</p>\r\n<p>Apresenta alerta sobre o foco de mosquito da dengue, onde foi encontrado na comunidade de Vista Alegre. Relata ter visto o trabalho da Agentes Comunit\u00e1rias em busca de outro foco. Destacando a a\u00e7\u00e3o delas e justificando o pedido pela insalubridade pela Indica\u00e7\u00e3o do Vereador Leonir na Sess\u00e3o anterior.</p>\r\n<p><b>Vereador Leonir Pedro Braun (PODEMOS): </b>Defende a sua Indica\u00e7\u00e3o. Observado a atua\u00e7\u00e3o da Prefeitura na a\u00e7\u00e3o no interior. Porem quando se olha para o per\u00edmetro urbano destaca que observa que erros principalmente na numera\u00e7\u00e3o das casas, onde numera\u00e7\u00f5es antigas passaram a ficar erradas pela mudan\u00e7a do ponto de partida da rua. Relata da Tifa do Dudi fam\u00edlias que n\u00e3o tem endere\u00e7o. Lembra que n\u00e3o h\u00e1 nenhuma identifica\u00e7\u00e3o nas tr\u00eas pra\u00e7as que h\u00e1 no munic\u00edpio. E tamb\u00e9m que h\u00e1 necessidade de revitalizar a sinaliza\u00e7\u00e3o de tr\u00e2nsisto.</p>\r\n<p>Parabeniza o \u201cBorracha\u201d e seu filho \u201cBorrachinha\u201d pelas vit\u00f3rias na disputa de Motovelocidade realizada durante a Doce Festa. Sendo que ganharam todas as corridas que disputaram.</p>\r\n<p>E Conclui parabenizando e homenageando todas as Mulheres Imbuienses pela passagem do Dia da Mulher.</p>\r\n<p>\u00a0</p>\r\n<p>Ao encerramento o Presidente marcou a Pr\u00f3xima Sess\u00e3o Ordin\u00e1ria para o dia vinte de mar\u00e7o as 19 horas.</p>\r\n<p>Acesse a \u00edntegra da Sess\u00e3o <a href=\"https://www.youtube.com/watch?v=W1sN0C7LT5s\">aqui.</a></p>\r\n<p>Curta e siga a P\u00e1gina da C\u00e2mara assim saber\u00e1 tudo que o ocorre no legislativo do Munic\u00edpio.</p>", "author_name": "", "version": "1.0", "author_url": "https://www.imbuia.sc.leg.br/author/imb", "provider_name": "C\u00e2mara de Vereadores de Imbuia", "type": "rich"}