{"provider_url": "https://www.imbuia.sc.leg.br", "title": "05\u00aa Sess\u00e3o Ordin\u00e1ria (07.03.2022)", "html": "<p>\u00a0</p>\r\n<p>A C\u00e2mara Municipal de Imbuia realizou nesta segunda-feira (07) a quinta Sess\u00e3o Ordin\u00e1ria do ano de 2022.</p>\r\n<p>\u00a0</p>\r\n<p>LEITURA DE MAT\u00c9RIAS LEGISLATIVAS:</p>\r\n<p>No expediente foram lidas as seguintes Mat\u00e9rias que ser\u00e3o analisadas pelos Vereadores:</p>\r\n<p><b>PROJETO DE LEI N\u00ba 08/2022</b> \u2013 Altera a Lei n\u00ba1.505, de 28 de setembro de 2011.</p>\r\n<p>\u00a0</p>\r\n<p>MOMENTO DA PRESID\u00caNCIA</p>\r\n<p>Vereador Presidente Jorge Luiz Sardo (MDB) comentou sobre evento clim\u00e1tico que ocorreu no dia anterior, tendo lugares do munic\u00edpio com mais de cem mil\u00edmetros de chuva. E assim refor\u00e7a a Indica\u00e7\u00e3o no ano anterior que pede a limpeza dos rios e tamb\u00e9m a constru\u00e7\u00e3o de galeria na Rua David Kammers. Sendo que se fizesse evitarias enchentes que nem a do dia anterior e evitarias assim o preju\u00edzo a moradores e comerciantes. Diz que tal problema vem da administra\u00e7\u00e3o anterior que poderia ter feito a galeria a sua \u00e9poca. Observado tamb\u00e9m que n\u00e3o muito caro.</p>\r\n<p>Comentou ainda da falta de consci\u00eancia das pessoas. A rua estava fechada de \u00e1gua e dois carros passaram jogando-a para dentro da Agropecu\u00e1ria e da loja que h\u00e1 ali.</p>\r\n<p>E comentou sobre o Dia da Mulher e que o evento organizado pelo Executivo Municipal programado para dia oito foi alterado para o dia trinta deste m\u00eas e ser\u00e1 realizado no Centro Social.</p>\r\n<p>\u00a0\u00a0</p>\r\n<p>EXPLICA\u00c7\u00d5ES PESSOAIS</p>\r\n<p><b>Vereador Leonir Pedro Braun (PODEMOS) </b>parabenizou a todas as equipes participantes do Campeonato Municipal de Futebol de Campo, Ta\u00e7a Prefeito Jo\u00e3o Schwambach. Desejando um \u00f3timo campeonato.</p>\r\n<p>Em nome da sua esposa parabenizou a todas as mulheres imbuienses pela passagem do Dia Internacional da Mulher (08 de mar\u00e7o). Ressaltando o papel da mulher na sociedade. Concluindo deixando mensagem em que se destaca: \u201cViva a mulher todos os dias\u201d.</p>\r\n<p><b>Vereador Aldori Rengel (MDB) </b>comentou da visita da Deputado Federal Peninha. Aonde ele apresentou o que realizou na pol\u00edtica. Sendo que em especial apresentou as emendas que ainda este ano ser\u00e3o destinadas ao munic\u00edpio: R$3.000.000,00 (Tr\u00eas milh\u00f5es) para uma creche, R$250.000,00 (duzentos e cinquenta mil) para um retroescavadeira, R$500.000,00 (quinhentos mil) para um carregador, R$175.000,00 (cento e setenta e cinco mil) para implementos, R$300.000,00 (trezentos mil) para sa\u00fade e R$100.000,00 (cem mil) para administra\u00e7\u00e3o.</p>\r\n<p>Assim agradece e elogia o Deputado, n\u00e3o por ser do mesmo partido mas por ser algu\u00e9m que sempre buscou atender o munic\u00edpio de Imbuia. E espera que seu chefe de gabinete e pr\u00e9-candidato a Deputado Rafael se eleito siga os passos do atual Deputado.</p>\r\n<p>\u00a0\u00a0 \u00a0Comentou sobre a \u00e1rea Industrial do munic\u00edpio, onde se deve tomar uma decis\u00e3o logo. Para poder gerar empregos e assim manter as pessoas no munic\u00edpio.</p>\r\n<p>Comentou a fala do Presidente sobre galeria e ressaltando que deve ser feito. Mas alerta para a situa\u00e7\u00e3o tamb\u00e9m nas estradas do interior com tubos pequenos que n\u00e3o suportam a quantidade de \u00e1gua. Onde que h\u00e1 deve ser trocado por pelo menos tubos de oitenta cent\u00edmetros.</p>\r\n<p>Comentou ainda sobre a situa\u00e7\u00e3o da obra na Serra da Ilha Grande, que licitada e ainda n\u00e3o come\u00e7ou a ser feita e a popula\u00e7\u00e3o j\u00e1 cobra respostas. \u00a0</p>\r\n<p>Ao encerramento o Senhor Presidente marcou a Pr\u00f3xima Sess\u00e3o Ordin\u00e1ria para o dia14 de mar\u00e7o as 19:00 horas.</p>\r\n<p>Acesse a \u00edntegra da Sess\u00e3o <a href=\"https://www.youtube.com/watch?v=xj2j_QWrR2M\">aqui.</a></p>\r\n<p>Curta e siga a P\u00e1gina da C\u00e2mara assim saber\u00e1 tudo que o ocorre no legislativo do Munic\u00edpio.</p>\r\n<p>\u00a0</p>", "author_name": "", "version": "1.0", "author_url": "https://www.imbuia.sc.leg.br/author/imb", "provider_name": "C\u00e2mara de Vereadores de Imbuia", "type": "rich"}