{"provider_url": "https://www.imbuia.sc.leg.br", "title": "05\u00aa Sess\u00e3o Ordin\u00e1ria (06.03.2023)", "html": "<p>\u00a0</p>\r\n<p>A C\u00e2mara Municipal de Imbuia realizou nesta segunda-feira (06) a quinta Sess\u00e3o ordin\u00e1ria de 2023.</p>\r\n<p>\u00a0</p>\r\n<p>LEITURA DE MAT\u00c9RIAS LEGISLATIVAS:</p>\r\n<p>REQUERIMENTO N\u00ba 01/2023 \u2013 Autoria: Ant\u00f4nio Truppel =&gt; Requer que n\u00e3o sejam descontadas as faltas correspondentes \u00e0s Reuni\u00f5es Ordin\u00e1rias dos dias 13 e 15 de fevereiro de 2023, conforme atestado m\u00e9dico.</p>\r\n<p>INDICA\u00c7\u00c3O N\u00ba 04/2023 \u2013 Autoria: Vereador Leonir Pedro Braun =&gt; Indica ao Executivo Municipal que conceda insalubridade as Agentes Comunit\u00e1rias de Sa\u00fade, bem como as Agentes de Combate as Endemias, conforme determina\u00e7\u00e3o emanada da Constitui\u00e7\u00e3o Federal (Emenda Constitucional n\u00ba 120/2022).</p>\r\n<p>MOMENTO DA PRESID\u00caNCIA</p>\r\n<p><b>Presidente Vereador Ezair Erhardt (MDB) </b>parabenizou o Executivo pela realiza\u00e7\u00e3o da Festa Estadual do Milho Verde, a qual considera que foi muito boa mesmo com chuva. Ressaltando a alegria de todos que participaram.</p>\r\n<p>\u00a0</p>\r\n<p>ORDEM DO DIA</p>\r\n<p>1\u00aa DISCUSS\u00c3O E VOTA\u00c7\u00c3O DO PROJETO DE LEI COMPLEMENTAR N\u00ba 01/2023 \u2013 Altera a Lei Complementar n\u00ba 12, de 2003, que trata da Estrutura, quadro de Pessoal e o Plano de Carreira dos Servidores P\u00fablicos Municipais; Altera a Lei Complementar n\u00ba 113 de 2021 sobre ACS e ACE. Favor\u00e1vel: Aldori Rengel, Altair Rengel, Ant\u00f4nio Truppel,\u00a0 Jorge Luiz Sardo, Leonir Pedro Braun e Marcio Scheimann. Absten\u00e7\u00e3o: Giani Ferreira da Silva e Ketrin Priscila Sell. <b>Aprovado por Maioria</b></p>\r\n<p>1\u00aa DISCUSS\u00c3O E VOTA\u00c7\u00c3O DO PROJETO DE LEI N\u00ba 02/2023 \u2013 Concede Revis\u00e3o Geral Anual aos Servidores empregados p\u00fablicos municipais, ativos e inativos, do Executivo e Legislativo, inclusive aos Agentes Pol\u00edticos, conforme estabelece o artigo 37, inciso X, da Constitui\u00e7\u00e3o Federal e Artigo 18-A da Lei Org\u00e2nica do Munic\u00edpio de Imbuia e d\u00e1 outras provid\u00eancias. <b>Aprovado por unanimidade.</b></p>\r\n<p>DISCUSS\u00c3O E VOTA\u00c7\u00c3O DO PROJETO DE RESOLU\u00c7\u00c3O N\u00ba 01/2023 \u2013 Autoria: Mesa Diretora =&gt; Autoriza a participa\u00e7\u00e3o de Vereadores e Servidores na XXII Marcha dos Legislativos Municipais, a realizar-se entre os dias 25 a 28 de abril de 2023, em Bras\u00edlia - DF, evento promovido pela Uni\u00e3o dos Vereadores do Brasil \u2013 UVB. <b>Aprovado por unanimidade.</b></p>\r\n<p>DISCUSS\u00c3O E VOTA\u00c7\u00c3O DO REQUERIMENTO N\u00ba 01/2023 \u2013 Autoria: Ant\u00f4nio Truppel =&gt; Requer que n\u00e3o sejam descontadas as faltas correspondentes \u00e0s Reuni\u00f5es Ordin\u00e1rias dos dias 13 e 15 de fevereiro de 2023, conforme atestado m\u00e9dico.<b> Aprovado por unanimidade.</b></p>\r\n<p>\u00a0</p>\r\n<p>EXPLICA\u00c7OES PESSOAIS</p>\r\n<p><b>Vereador Jorge Luiz Sardo (MDB): </b>Parabenizou o Executivo Municipal pela 13\u00aa Festa Estadual do Milho Verde. Destacando ser uma bel\u00edssima festa da qual recebeu v\u00e1rios elogios. E apontando que h\u00e1 onde melhorar.</p>\r\n<p>Agradece ao Executivo ao convite para abertura recebido por todos os Vereadores. E onde foi uma abertura muito bonita contando com todos Prefeitos da AMAVI.</p>\r\n<p>Convida a todos a prestigiar almo\u00e7o da comunidade evang\u00e9lica da Samambaia.</p>\r\n<p><b>Vereador Leonir Pedro Braun (PODEMOS): </b>Defende a sua Indica\u00e7\u00e3o para conceder insalubridade as Agentes Comunit\u00e1rias de Sa\u00fade e Agentes de Combate de Endemia. Destacando-se como servidor estadual e coloca que os funcion\u00e1rios p\u00fablicos n\u00e3o s\u00e3o valorizados. Apresenta que foram retirados in\u00fameros benef\u00edcios, onde se trabalha v\u00e1rios anos e ao final ganha-se nada. E ressaltando ainda a preocupa\u00e7\u00e3o em beneficiar cada vez mais quem n\u00e3o trabalha.</p>\r\n<p>Parabeniza ao Executivo Municipal pela realiza\u00e7\u00e3o da FEMIVE. Dizendo ser um grande admirador e contendo varias fotos e folder de todas as festas. E destaca ficar triste a aquele que reclama e critica a festa. Pedindo para pessoas elogiarem mais e agradecerem mais a festa realizada.</p>\r\n<p>Agradeceu a todas pessoas presentes no lan\u00e7amento do livro contando a hist\u00f3ria do munic\u00edpio. Ressaltando a import\u00e2ncia em registrar a hist\u00f3ria para poder continuar a ser contada. E da qual sempre estar\u00e1 continuando.</p>\r\n<p>Apresenta apoio a solicita\u00e7\u00e3o de algumas pessoas para mostra de carros antigos e/ou de som automotivo. E que o Poder P\u00fablico possa colaborar e oferecer algo aos mais jovens.</p>\r\n<p>\u00a0</p>\r\n<p>Ao encerramento o Presidente marcou a Pr\u00f3xima Sess\u00e3o Ordin\u00e1ria para o dia treze de mar\u00e7o as 19 horas.</p>\r\n<p>Acesse a \u00edntegra da Sess\u00e3o <a href=\"https://www.youtube.com/watch?v=3MsVjXAxx9g\">aqui.</a></p>\r\n<p>Curta e siga a P\u00e1gina da C\u00e2mara assim saber\u00e1 tudo que o ocorre no legislativo do Munic\u00edpio.</p>", "author_name": "", "version": "1.0", "author_url": "https://www.imbuia.sc.leg.br/author/imb", "provider_name": "C\u00e2mara de Vereadores de Imbuia", "type": "rich"}