{"provider_url": "https://www.imbuia.sc.leg.br", "title": "04\u00aa Sess\u00e3o Ordin\u00e1ria (27.02.23)", "html": "<p>\u00a0</p>\r\n<p>A C\u00e2mara Municipal de Imbuia realizou nesta segunda-feira (27) a quarta Sess\u00e3o ordin\u00e1ria de 2023.</p>\r\n<p>\u00a0</p>\r\n<p>LEITURA DE MAT\u00c9RIAS LEGISLATIVAS:</p>\r\n<p>PROJETO DE LEI COMPLEMENTAR N\u00ba 02/2023 \u2013 Disp\u00f5e sobre os adicionais de Gradua\u00e7\u00e3o e de P\u00f3s-Gradua\u00e7\u00e3o e d\u00e1 outras provid\u00eancias. Mat\u00e9ria Aqui:</p>\r\n<p>PROJETO DE LEI COMPLEMENTAR N\u00ba 03/2023 \u2013 Autoria: Mesa Diretora =&gt; Disp\u00f5e sobre os Adicionais de Gradua\u00e7\u00e3o e de P\u00f3s-Gradua\u00e7\u00e3o do Poder Legislativo e d\u00e1 outras provid\u00eancias.</p>\r\n<p>PROJETO DE LEI N\u00ba 03/2023 \u2013 Autoria: Vereador Leonir Pedro Braun =&gt; Disp\u00f5e sobre a denomina\u00e7\u00e3o da Rua Arc\u00eanio Francisco da Silva.</p>\r\n<p>PROJETO DE DECRETO LEGISLATIVO N\u00ba 01/2023 \u2013 Autoria: Comiss\u00e3o de Finan\u00e7as, Or\u00e7amento, Tributa\u00e7\u00e3o e Fiscaliza\u00e7\u00e3o =&gt; Aprova as Contas do Prefeito Municipal de Imbuia, inerentes ao Exerc\u00edcio de 2021.</p>\r\n<p>PROJETO DE RESOLU\u00c7\u00c3O N\u00ba 01/2023 \u2013 Autoria: Mesa Diretora =&gt; Autoriza a participa\u00e7\u00e3o de Vereadores e Servidores na XXII Marcha dos Legislativos Municipais, a realizarse entre os dias 25 a 28 de abril de 2023, em Bras\u00edlia - DF, evento promovido pela Uni\u00e3o dos Vereadores do Brasil \u2013 UVB.</p>\r\n<p>\u00a0</p>\r\n<p>MOMENTO DA PRESID\u00caNCIA</p>\r\n<p><b>Presidente Vereador Ezair Erhardt (MDB) </b>parabenizou o Executivo pela instala\u00e7\u00e3o de placas informando os nomes das Tifas e Localidades. Destacando serem de boa qualidade e que durar\u00e3o por muitos anos.</p>\r\n<p>\u00a0</p>\r\n<p>\u00a0</p>\r\n<p>\u00a0</p>\r\n<p>EXPLICA\u00c7OES PESSOAIS</p>\r\n<p><b>Vereador Jorge Luiz Sardo (MDB): </b>Agradeceu ao Executivo pela ajuda na Cavalgada do M\u00e3o Amiga pela ajuda com a disponibiliza\u00e7\u00e3o do parque para a realiza\u00e7\u00e3o. Colocou que o evento foi um sucesso.</p>\r\n<p>Parabeniza o Clube de Cruz de Malta pela conquista da Copa Alto Vale no domingo (dia 26). Exaltando o Clube por com esse t\u00edtulo levar o nome de Imbuia para todo o Alto Vale.</p>\r\n<p>Agradece ao Executivo por atender a sua Indica\u00e7\u00e3o para nomear de Daniel Capistrano Ferreira o campeonato municipal de Futebol de Sal\u00e3o.</p>\r\n<p>E convida a todos a participar da FEMIVE que acontece no pr\u00f3ximo final de semana.</p>\r\n<p><b>Vereador Leonir Pedro Braun (PODEMOS): </b>Parabenizou o Executivo Municipal por atender o pedido referente as placas. Destacando ser uma demanda de v\u00e1rias legislaturas da C\u00e2mara.</p>\r\n<p>Parabenizou a todos organizadores da Cavalgada do AMA que teve em torno de 700 cavalos. Agradecendo a cada que um ajudou a se tornar um sucesso.</p>\r\n<p>Parabeniza o Cruz de Malta que levou o nome de Imbuia a todo Alto Vale conquistando a Copa Alto Vale.</p>\r\n<p>Convida a toda popula\u00e7\u00e3o para participar do lan\u00e7amento de dois livros aqui na C\u00e2mara na sexta-feira, um contando a hist\u00f3ria de Imbuia e outro contando a hist\u00f3ria de sua fam\u00edlia, fam\u00edlia Braun.</p>\r\n<p>Justifica o Projeto de Lei n\u00ba03 que denomina a Rua Arc\u00eanio Francisco da Silva. Apresentando a Biografia e destacando que integrou Diretorias, abriu estradas de acesso ao Campo das Flores e foi Vereador entre 73 a 76. E conclui pedindo apoio na aprova\u00e7\u00e3o de Projeto e pedindo uma salva de palma a fam\u00edlia do homenageado. \u00a0</p>\r\n<p>Ao encerramento o Presidente marcou a Pr\u00f3xima Sess\u00e3o Ordin\u00e1ria para o dia seis de mar\u00e7o as 19 horas.</p>\r\n<p>Acesse a \u00edntegra da Sess\u00e3o <a href=\"https://www.youtube.com/watch?v=lsX1SVmCy3s\">aqui.</a></p>\r\n<p>Curta e siga a P\u00e1gina da C\u00e2mara assim saber\u00e1 tudo que o ocorre no legislativo do Munic\u00edpio.</p>", "author_name": "", "version": "1.0", "author_url": "https://www.imbuia.sc.leg.br/author/imb", "provider_name": "C\u00e2mara de Vereadores de Imbuia", "type": "rich"}