{"provider_url": "https://www.imbuia.sc.leg.br", "title": "03\u00aa Sess\u00e3o Ordin\u00e1ria (15.02.2023)", "html": "<p>\u00a0</p>\r\n<p>A C\u00e2mara Municipal de Imbuia realizou nesta quarta-feira (13) a terceira Sess\u00e3o ordin\u00e1ria de 2023.</p>\r\n<p>\u00a0</p>\r\n<p>LEITURA DE MAT\u00c9RIAS LEGISLATIVAS:</p>\r\n<p><b>PROJETO DE LEI COMPLEMENTAR N\u00ba 01/2023</b> - Altera a Lei Complementar n\u00ba12, de 2003, que trata da Estrutura, Quadro de Pessoal e o Plano de Carreira dos Servidores P\u00fablicos Municipais; Altera a Lei Complementar n\u00ba113, de 2021, que cria os empregos p\u00fablicos de Agente Comunit\u00e1rio de Sa\u00fade e Agente de Combate \u00e0s Endemias; e da outras provid\u00eancias. Leitura aqui: https://sapl.imbuia.sc.leg.br/media/sapl/public/materialegislativa/2023/172/01.23.pdf</p>\r\n<p><b>PROJETO DE LEI N\u00ba 02/2023</b> \u2013 Concede Revis\u00e3o Geral anual aos Servidores e empregados p\u00fablicos municipais, ativos e inativos, do Executivo e Legislativo, inclusive aos Agentes Pol\u00edticos, conforme estabelece o artigo 37, inciso x, da Constitui\u00e7\u00e3o Federal e artigo 18-a da Lei Org\u00e2nica do Munic\u00edpio de Imbuia e d\u00e1 outras provid\u00eancias. Leitura aqui: https://sapl.imbuia.sc.leg.br/media/sapl/public/materialegislativa/2023/171/02.23.pdf</p>\r\n<p>\u00a0</p>\r\n<p>\u00a0</p>\r\n<p>\u00a0</p>\r\n<p>EXPLICA\u00c7OES PESSOAIS</p>\r\n<p><b>Vereador Aldori Rengel (MDB): </b>Agradeceu ao Executivo por atender a sua Indica\u00e7\u00e3o para nomear o Campeonato Municipal de Futebol de Campo de Chico Rengel. Ressaltando que a fam\u00edlia do homenageado fica muito feliz.</p>\r\n<p>\u00a0</p>\r\n<p>Ao encerramento o Presidente marcou a Pr\u00f3xima Sess\u00e3o Ordin\u00e1ria para o dia 27 de fevereiro as 19 horas.</p>\r\n<p>Acesse a \u00edntegra da Sess\u00e3o <a href=\"https://www.youtube.com/watch?v=2BTSF3_5RZY\">aqui.</a></p>\r\n<p>Curta e siga a P\u00e1gina da C\u00e2mara assim saber\u00e1 tudo que o ocorre no legislativo do Munic\u00edpio.</p>", "author_name": "", "version": "1.0", "author_url": "https://www.imbuia.sc.leg.br/author/imb", "provider_name": "C\u00e2mara de Vereadores de Imbuia", "type": "rich"}