{"provider_url": "https://www.imbuia.sc.leg.br", "title": "02\u00aa Sess\u00e3o Ordin\u00e1ria (14.02.2022)", "html": "<p>\u00a0</p>\r\n<p>A C\u00e2mara Municipal de Imbuia realizou nesta segunda-feira (14) a Segunda Sess\u00e3o Ordin\u00e1ria do ano de 2022.</p>\r\n<p>\u00a0</p>\r\n<p>VICE PRESIDENTE DIRIGE TRABALHOS</p>\r\n<p>Em Virtude da aus\u00eancia do Presidente Vereador Jorge Luiz Sardo (MDB) o comando dos trabalhos da Sess\u00e3o coube a Vice Presidente Vereadora K\u00e9trin Priscila Sell (MDB).</p>\r\n<p>\u00a0</p>\r\n<p>\u00a0<span>EXPEDIENTE</span></p>\r\n<p>Leitura do Oficio 024/2022 do Gabinete do Prefeito de Imbuia da qual solicita a retirada do Projete de Lei Complementar 01/2022 \u2013 \u201cAltera a Lei Complementar n\u00ba 12, de 28 de setembro de2003, Estruturam Quadro de Pessoal e o Plano de Carreira dos Servidores P\u00fablicos Municipais do Munic\u00edpio de Imbuia e d\u00e1 outras provid\u00eancias\u201d.</p>\r\n<p>\u00a0</p>\r\n<p>LEITURA DE MAT\u00c9RIAS LEGISLATIVAS:</p>\r\n<p>No expediente foram lidas as seguintes Mat\u00e9rias que ser\u00e3o analisadas pelos Vereadores:</p>\r\n<p><b>PROJETO DE LEI N\u00ba 01/2022</b> \u2013 Autoriza o Poder Executivo Municipal a cancelar d\u00e9bitos dos contribuintes, devido a sua prescri\u00e7\u00e3o e d\u00e1 outras provid\u00eancias.</p>\r\n<p><b>PROJETO DE LEI N\u00ba 02/2022</b> \u2013 Concede revis\u00e3o geral anual aos servidores p\u00fablicos municipais, ativos e inativos, do Executivo e Legislativo, inclusive aos agentes Pol\u00edticos, conforme estabelece o artigo 37, inciso X, da Constitui\u00e7\u00e3o Federal e artigo 18-A da Lei Org\u00e2nica do Munic\u00edpio de Imbuia e d\u00e1 outras providencias.</p>\r\n<p><b>PROJETO DE LEI N\u00ba 03/2022</b> \u2013 Concede aux\u00edlio-alimenta\u00e7\u00e3o aos servidores e empregados p\u00fablicos municipais, ativos do Executivo e Legislativo e d\u00e1 outras provid\u00eancias.</p>\r\n<p><b>INDICA\u00c7\u00c3O N\u00ba 04/2022</b> \u2013 Autoria: Vereador M\u00e1rcio Scheimann \u201cSugere a cria\u00e7\u00e3o da Secretaria Municipal do Esporte, Cultura e Turismo\u201d.</p>\r\n<p><b>INDICA\u00c7\u00c3O N\u00ba 05/2022</b> \u2013 Autoria: Vereador Leonir Pedro Braun \u201cSugere a implanta\u00e7\u00e3o de lombadas f\u00edsicas nas Ruas Sete de Setembro e Ant\u00f4nio Carlos Konder Reis, no Centro de nosso Munic\u00edpio\u201d.</p>\r\n<p>\u00a0</p>\r\n<p>\u00a0</p>\r\n<p>EXPLICA\u00c7OES PESSOAIS</p>\r\n<p><b>Vereador Leonir Pedro Braun (PODEMOS): </b>Parabenizou o Vereador Marcio pela Indica\u00e7\u00e3o afirmando que hoje a Secretaria da Educa\u00e7\u00e3o est\u00e1 muito carregada. Colocando a import\u00e2ncia da Cultura e o Esporte para o munic\u00edpio.</p>\r\n<p>\u00a0Comentou sobre<b> </b>a Indica\u00e7\u00e3o n\u00aa05/2022 sobre implanta\u00e7\u00e3o de lombadas nas Ruas Sete de Setembro e Ant\u00f4nio Carlos Konder Reis. Diz ser contra as lombadas mas as pede como forma de atender a popula\u00e7\u00e3o que v\u00ea o dia a dia e se preocupam com seus moradores. Sendo que h\u00e1 v\u00e1rias casas e com\u00e9rcios naquelas ruas e os motoristas tratam como pista de corrida. E assim com a Indica\u00e7\u00e3o destas lombadas buscar evitar uma trag\u00e9dia. E conclui que \u00e9 dif\u00edcil mudar a cabe\u00e7a das pessoas.</p>\r\n<p>Ao encerramento a Senhora Vice-Presidente a Pr\u00f3xima Sess\u00e3o Ordin\u00e1ria para o dia 21 de fevereiro as 19 horas.</p>\r\n<p>Acesse a \u00edntegra da Sess\u00e3o <a href=\"https://www.youtube.com/watch?v=KJE_bBlGciI\">aqui.</a></p>\r\n<p>Curta e siga a P\u00e1gina da C\u00e2mara assim saber\u00e1 tudo que o ocorre no legislativo do Munic\u00edpio.</p>\r\n<p>\u00a0</p>", "author_name": "", "version": "1.0", "author_url": "https://www.imbuia.sc.leg.br/author/imb", "provider_name": "C\u00e2mara de Vereadores de Imbuia", "type": "rich"}