{"provider_url": "https://www.imbuia.sc.leg.br", "title": "02\u00aa Sess\u00e3o Ordin\u00e1ria (13.02.2023)", "html": "<p>\u00a0</p>\r\n<p>A C\u00e2mara Municipal de Imbuia realizou nesta segunda-feira (13) a segunda Sess\u00e3o ordin\u00e1ria de 2023.</p>\r\n<p>\u00a0</p>\r\n<p>LEITURA DE MAT\u00c9RIAS LEGISLATIVAS:</p>\r\n<p><b>PROJETO DE LEI N\u00ba 01/2023</b> \u2013 Disp\u00f5e sobre a tabela de pre\u00e7os de presta\u00e7\u00e3o de servi\u00e7os e utiliza\u00e7\u00e3o de equipamentos e d\u00e1 outras provid\u00eancias. <a href=\"https://sapl.imbuia.sc.leg.br/media/sapl/public/materialegislativa/2023/168/projeto_de_lei_01-2023_-_.pdf\">Leitura aqui.</a></p>\r\n<p>\u00a0</p>\r\n<p><b>INDICA\u00c7\u00c3O N\u00ba 02/2023</b> \u2013 Autoria: Vereador Jorge Luiz Sardo =&gt; Sugere ao Executivo Municipal, que denomine o Campeonato Municipal de Futebol de Sal\u00e3o, a realizar-se neste ano, de \u201cDANIEL CAPISTRANO FERREIRA\u201d. <a href=\"https://sapl.imbuia.sc.leg.br/media/sapl/public/materialegislativa/2023/169/indicacoes02.23.pdf\">Leitura aqui.</a></p>\r\n<p>\u00a0</p>\r\n<p><b>INDICA\u00c7\u00c3O N\u00ba 03/2023</b> \u2013 Autoria: Vereadora Giani Ferreira da Silva =&gt; Sugere ao Executivo Municipal, que implante uma lombada f\u00edsica na estrada geral da localidade de Garraf\u00e3o, defronte a igreja cat\u00f3lica. <a href=\"https://sapl.imbuia.sc.leg.br/media/sapl/public/materialegislativa/2023/170/indicacoes03.23.pdf\">Leitura aqui.</a></p>\r\n<p>\u00a0</p>\r\n<p>\u00a0</p>\r\n<p>\u00a0</p>\r\n<p>EXPLICA\u00c7OES PESSOAIS</p>\r\n<p><b>Vereador Leonir Pedro Braun (PODEMOS): </b>Iniciou convidando a todas autoridades e pessoas em geral para participarem do lan\u00e7amento dos dois livros que escreveu que ocorrer\u00e1 no dia 03 de mar\u00e7o. Um livro sobre sua fam\u00edlia, contando sua arvore geneal\u00f3gica. E um livro em parceria com Saulo Adami livro sobre a historio de Imbuia. Projeto que fez em homenagem aos 60 anos de emancipa\u00e7\u00e3o e 100 anos de localiza\u00e7\u00e3o. Ressaltando a import\u00e2ncia de escrever a historia que se torna um registro.</p>\r\n<p>Se apresentando como um imbuiense de cora\u00e7\u00e3o por morar a vintes e aqui constituir fam\u00edlia concluiu apresentando hist\u00f3ria topon\u00edmica com os nomes das 20 localidades do munic\u00edpio.</p>\r\n<p>Segue parabeniza Vereador Jorge por apresentar a Indica\u00e7\u00e3o n\u00ba02\u00a0 para que no pr\u00f3ximo campeonato realize homenagem a este garoto que tanto gostava da pratica de futebol e de moto. E que de tantos amigos tinha.</p>\r\n<p>\u00a0</p>\r\n<p><b>Vereadora Giani Ferreira da Silva (PP)</b> justifica a Indica\u00e7\u00e3o ao pedido de lombada. Destaca que o pedido \u00e9 uma da popula\u00e7\u00e3o naquela rua que sofre com perigo da velocidade em que transitam ali, al\u00e9m da poeira que h\u00e1.</p>\r\n<p>Solicita ao Executivo, que conforme poder dar aten\u00e7\u00e3o a estrada na Serra Grande. Coloca que o estado dela \u00e9 prec\u00e1rio e que \u00e9 uma reivindica\u00e7\u00e3o dos motoristas que l\u00e1 transitam.</p>\r\n<p>Apresenta sobre o Auxilio Maternidade de seis meses que apresentou no primeiro ano de mandato. Que somente quatro meses \u00e9 um per\u00edodo pequeno em que a m\u00e3e tem pouco tempo e contato com a crian\u00e7a.</p>\r\n<p>\u00a0</p>\r\n<p><b>Vereador Jorge Luiz Sardo (MDB):</b> Comentou sobre o sinal de celular da qual recebe muitas reclama\u00e7\u00f5es. Assim pede para que em parceria com Executivo e munic\u00edpios vizinhos busque as empresas para conseguir melhorias.</p>\r\n<p>Solicita ao Presidente que encaminhe oficio a ADECOM pedindo para que realizasse uma presta\u00e7\u00e3o de Contas dos trabalhos dos trabalhos da balan\u00e7a. Da qual a reclama\u00e7\u00f5es dos valores cobrados e a exig\u00eancia para que a Prefeitura ajudadesse de alguma maneira, onde sugeriu a a disponibiliza\u00e7\u00e3o de um funcion\u00e1rio a atender em hor\u00e1rio determinado.</p>\r\n<p>Segue justificou a Indica\u00e7\u00e3o que apresentou para homenagear com o nome de \u201cta\u00e7a Daniel Capistrano Ferreira\u201d o pr\u00f3ximo Campeonato de Futebol de Sal\u00e3o. Apresentando o texto feito por sua irm\u00e3 \u2013 Daniela e assim prestando homenagem a ele. E concluindo com uma salva de palmas.</p>\r\n<p>\u00a0</p>\r\n<p>Ao encerramento o Presidente marcou a Pr\u00f3xima Sess\u00e3o Ordin\u00e1ria para o dia 15 de fevereiro as 19 horas.</p>\r\n<p>Acesse a \u00edntegra da Sess\u00e3o <a href=\"https://www.youtube.com/watch?v=aW8MYVqXI6s\">aqui.</a></p>\r\n<p>Curta e siga a P\u00e1gina da C\u00e2mara assim saber\u00e1 tudo que o ocorre no legislativo do Munic\u00edpio.</p>", "author_name": "", "version": "1.0", "author_url": "https://www.imbuia.sc.leg.br/author/imb", "provider_name": "C\u00e2mara de Vereadores de Imbuia", "type": "rich"}