{"provider_url": "https://www.imbuia.sc.leg.br", "title": "01\u00aa Sess\u00e3o Ordin\u00e1ria (07.02.2022)", "html": "<p>\u00a0</p>\r\n<p>A C\u00e2mara Municipal de Imbuia realizou nesta segunda-feira (07) a primeira Sess\u00e3o ordin\u00e1ria de 2022.</p>\r\n<p>\u00a0</p>\r\n<p>ABERTURA DO ANO LEGISLATIVO</p>\r\n<p>Primeira Sess\u00e3o Ordin\u00e1ria de 2022 o Presidente Vereador Jorge Luiz Sardo (MDB) recepcionou a todos desejando boas vindas e declarou aberta a Sess\u00e3o.\u00a0</p>\r\n<p>\u00a0</p>\r\n<p>\u00a0</p>\r\n<p>LEITURA DE MAT\u00c9RIAS LEGISLATIVAS:</p>\r\n<p>No expediente foram lidas as seguintes Mat\u00e9rias que ser\u00e3o analisadas pelos Vereadores:</p>\r\n<p><b>Presta\u00e7\u00e3o de Contas do Executivo referente a 2020</b> \u2013 que pode ser acessa na integra pelo endere\u00e7o <a href=\"file:///C:/Users/Admin/Documents/Documents/Noticia%20Portal/2022/Resumo/via%20internet%20https:/www.tcesc.tc.br/processo,%20digitando%20a%20seguinte%20Chave%20de%20Acesso:%207EFF3FA2-F,%20Processo:%202100129001l\">via internet https://www.tcesc.tc.br/processo, digitando a seguinte Chave de Acesso: 7EFF3FA2-F, Processo: 2100129001l</a>.</p>\r\n<p><b>PROJETO DE LEI COMPLEMENTAR N\u00ba 01/2021</b> \u2013 Altera a Lei Complementar n\u00ba 12, de 28 de setembro de2003, Estruturam Quadro de Pessoal e o Plano de Carreira dos Servidores P\u00fablicos Municipais do Munic\u00edpio de Imbuia e d\u00e1 outras provid\u00eancias.</p>\r\n<p><b>\u00a0PROJETO DE LEI COMPLEMENTAR N\u00ba 02/2021</b> \u2013 Altera e acrescenta dispositivos a Lei n\u00ba 1.029, de 21 de janeiro de 1997 e a Lei complementar n\u00ba12, de 28 de maio de 2003 e d\u00e1 outras provid\u00eancias.</p>\r\n<p><b>INDICA\u00c7\u00c3O N\u00ba 01/2022</b> \u2013 Autoria: Vereador Altair Rengel =&gt; Sugere ao Executivo Municipal que efetue a melhoria de acesso a Tifa dos Tom\u00e9 (pela Rodovia SC 281) e \u00e0 Rua Pedro Teixeira (pela Rua Hor\u00e1cio Machado), com a diminui\u00e7\u00e3o do grau de inclina\u00e7\u00e3o.</p>\r\n<p><b>INDICA\u00c7\u00c3O N\u00ba 02/2022</b> \u2013 Autoria: Vereador Altair Rengel =&gt; Sugere ao Executivo Municipal estudos de viabilidade para a amplia\u00e7\u00e3o do hor\u00e1rio de funcionamento dos bares, lanchonetes, restaurantes e similares, passando das 22 horas para 0:00 hora (meia-noite).</p>\r\n<p><b>INDICA\u00c7\u00c3O N\u00ba 03/2022</b> \u2013 Autoria: Vereador Leonir Pedro Braun =&gt; Sugere ao Executivo Municipal a elabora\u00e7\u00e3o de um calend\u00e1rio anual com todos os eventos (motovelocidade, motocross, gaiolacross, rodeios, etc) realizados em nosso Munic\u00edpio, divulgando-o para todo o Estado de Santa Catarina. Sugere-se ainda, que seja inclu\u00eddo no PPA do Munic\u00edpio, uma ajuda financeira \u00e0s entidades que organizam os eventos.</p>\r\n<p><b>REQUERIMENTO N\u00ba 01/2022</b> \u2013 Autoria: Vereadora Giani Ferreira da Silva =&gt; Requer informa\u00e7\u00f5es sobre os recursos recebidos pelo Munic\u00edpio de Imbuia para a \u00e1rea dos esportes, bem como, seja encaminhado a esta Casa, um relat\u00f3rio elencando os valores investidos no esporte de nosso Munic\u00edpio, no Exerc\u00edcio de 2021.</p>\r\n<p>MOMENTO DA PRESID\u00caNCIA</p>\r\n<p>O Presidente Vereador Jorge Luiz Sardo (MDB) desejou um bom trabalho no ano de 2022 e que espera a uni\u00e3o e o trabalho dos Vereadores voltado a bem da popula\u00e7\u00e3o de Imbuia.</p>\r\n<p>ORDEM DO DIA</p>\r\n<p>Realizada a vota\u00e7\u00e3o das seguintes Mat\u00e9rias:</p>\r\n<p><b>REQUERIMENTO N\u00ba 01/2022</b> \u2013 Autoria: Vereadora Giani Ferreira da Silva =&gt; Requer informa\u00e7\u00f5es sobre os recursos recebidos pelo Munic\u00edpio de Imbuia para a \u00e1rea dos esportes, bem como, seja encaminhado a esta Casa, um relat\u00f3rio elencando os valores investidos no esporte de nosso Munic\u00edpio, no Exerc\u00edcio de 2021. <b>Aprovado por unanimidade.</b><b></b></p>\r\n<p><b>\u00a0</b></p>\r\n<p>L\u00cdDERES DE BANCADA E COMISS\u00d5ES PERMANENTES</p>\r\n<p>Foi oficializado os Vereadores que ser\u00e3o os L\u00edderes da Bancada de Cada Partido e feita a forma\u00e7\u00e3o das Comiss\u00f5es Permanentes:</p>\r\n<p><b>Vereador Ezair Erhardt L\u00edder do MDB</b></p>\r\n<p><b>Vereador Altair Rengel L\u00edder do PROGRESSISTAS</b></p>\r\n<p><b>Vereador Ant\u00f4nio Truppel L\u00edder do PODEMOS.</b></p>\r\n<p><b>Comiss\u00e3o de Constitui\u00e7\u00e3o, Legisla\u00e7\u00e3o, Justi\u00e7a e Reda\u00e7\u00e3o</b></p>\r\n<p>Presidente: Vereador Leonir Pedro Braun</p>\r\n<p>Vice Presidente: Vereador Altair Rengel</p>\r\n<p>Secret\u00e1rio: Vereador Aldori Rengel</p>\r\n<p>\u00a0</p>\r\n<p><b>Comiss\u00e3o de Finan\u00e7as, Or\u00e7amentos, Tributa\u00e7\u00e3o e Fiscaliza\u00e7\u00e3o</b></p>\r\n<p>Presidente: Vereadora Ketrin Priscila Sell</p>\r\n<p>Vice Presidente: Vereadora Giani Ferreira da Silva</p>\r\n<p>Secret\u00e1rio: Vereador Ant\u00f4nio Truppel</p>\r\n<p>\u00a0</p>\r\n<p><b>Comiss\u00e3o de Educa\u00e7\u00e3o, Cultura, Sa\u00fade e Assist\u00eancia Social</b></p>\r\n<p>Presidente: Vereador Leonir Pedro Braun</p>\r\n<p>Vice Presidente: Vereadora Giani Ferreira da Silva</p>\r\n<p>Secret\u00e1rio: Vereadora Ketrin Priscila Sell</p>\r\n<p><b>\u00a0</b></p>\r\n<p><b>Comiss\u00e3o de Obras, Servi\u00e7os P\u00fablicos e Atividades Privadas</b></p>\r\n<p>Presidente: Marcio Scheimann</p>\r\n<p>Vice Presidente: Vereador Ant\u00f4nio Truppel</p>\r\n<p>Secret\u00e1rio: Ezair Erhardt</p>\r\n<p>\u00a0</p>\r\n<p><b>Comiss\u00e3o de Comiss\u00e3o de Agricultura, Industria e Com\u00e9rcio</b></p>\r\n<p>Presidente: Ezair Erhardt</p>\r\n<p>Vice Presidente: Marcio Scheimann</p>\r\n<p>Secret\u00e1rio: Vereador Ant\u00f4nio Truppel</p>\r\n<p>\u00a0</p>\r\n<p>EXPLICA\u00c7OES PESSOAIS</p>\r\n<p><b>Vereador Altair Rengel (PP): </b>Justificou as Indica\u00e7\u00f5es apresentadas. A n\u00ba02 sobre o hor\u00e1rio de funcionamento. Onde devido a pandemia tiveram que ficar fechado e com contas a pagar e dessa forma ajudar-lhes a se recuperar.</p>\r\n<p>E sobre a Indica\u00e7\u00e3o n\u00ba01 apresenta ser uma demanda antiga para tirar o morro facilitando para quem acessa aquela rua. \u00a0</p>\r\n<p><b>Vereador Aldori Rengel (MDB): </b>Lembrou de Reuni\u00e3o com Secret\u00e1rios e Vereadores no ano anterior para observar situa\u00e7\u00f5es que ocorrem e muitas vezes o Prefeito e as vezes nem o Secret\u00e1rio est\u00e3o sabendo. Exemplificando apresentou situa\u00e7\u00f5es:</p>\r\n<p>Na Secret\u00e1ria de Sa\u00fade a reclama\u00e7\u00e3o de falta de rem\u00e9dio que se deve a falta de atendimento de fornecedores. Sugerindo ent\u00e3o que fosse comunicado e explicado a popula\u00e7\u00e3o da situa\u00e7\u00e3o por meio da Radio.</p>\r\n<p>Na Secret\u00e1ria de Obras onde maquinas circulando com crian\u00e7as penduradas, situa\u00e7\u00e3o que pode ocorrer um acidente.</p>\r\n<p>Sobre Hospital, uma fam\u00edlia solicitou atendimento a idoso acamado da qual passava mal. Foi negado. E quando chamaram o SAMU o atendente criticou a administra\u00e7\u00e3o por n\u00e3o atender. E assim pede para que a Secret\u00e1ria justifique na R\u00e1dio o porqu\u00ea de n\u00e3o poder haver este atendimento. Sendo que alguns est\u00e3o sendo atendidos e outros n\u00e3o.</p>\r\n<p>Sobre a Secretaria da Agricultura que at\u00e9 o momento n\u00e3o foi aplicado o produto de combate ao borrachudo. Que era feito em anos anteriores e ajudava.</p>\r\n<p>Justificando assim a Reuni\u00e3o para poder conversar e se entender com cada Secret\u00e1rio.</p>\r\n<p>Segue solicitou ao Executivo Municipal que agendasse uma Reuni\u00e3o para que juntamente com os Vereadores possa estar conversando com o Capit\u00e3o da Companhia da Pol\u00edcia Militar em Ituporanga Vanilo Vignola sobre a falta de atendimento da Policia Militar no Munic\u00edpio de Imbuia.</p>\r\n<p>Justifica que muitas vezes procurasse a Policia e n\u00e3o prestam atendimento. Relatando a situa\u00e7\u00e3o da qual houve uma briga de fam\u00edlia e com crian\u00e7a no meio. Onde chamaram por pol\u00edcia e n\u00e3o foram atendidos e demais pessoas tiveram que apartar a briga. E nesta situa\u00e7\u00e3o poderia ter acontecido algo grave com a crian\u00e7a. E lembra todo investimento no munic\u00edpio na melhoria de instala\u00e7\u00f5es e equipamentos para Pol\u00edcia.</p>\r\n<p>Relata sobre a situa\u00e7\u00e3o de eventos. Onde muitas comunidades n\u00e3o conseguem realizar devido a quantidade de burocracia. Mas eventos clandestinos ocorrem, mas a Pol\u00edcia e nem Vigil\u00e2ncia n\u00e3o fiscalizam.</p>\r\n<p><b>Vereador Leonir Pedro Braun (PODEMOS): </b>Parabenizou a Indica\u00e7\u00e3o do Vereador Nen\u00e9m sobre o hor\u00e1rio de funcionamento de bares e lanchonetes. Onde muitos n\u00e3o conseguem atendimento e dessa forma ajudar tamb\u00e9m o setor.</p>\r\n<p>Sobre a Indica\u00e7\u00e3o n\u00aa03/2022 para que toda a popula\u00e7\u00e3o saiba o que ir\u00e1 acontecer no munic\u00edpio durante o ano e tamb\u00e9m prestigiaria os esportistas que levam o nome do munic\u00edpio para fora. Destacando os Grupos de Gaiola, Moto Velocidade e os dois CTGs.</p>\r\n<p>Parabenizou o Executivo Municipal por todos os trabalhos que vem realizando, atendendo assim as demandas da popula\u00e7\u00e3o e dando aten\u00e7\u00e3o aos pedidos de Vereadores. E destacando que com a parceria entre e executivo e legislativo quem ganha s\u00e3o os mun\u00edcipes.</p>\r\n<p><b>Vereadora Giani Ferreira da Silva (PP):</b> Justificou sobre o Requerimento apresentado. Onde gostaria de saber o valor que o munic\u00edpio recebe para esporte e onde est\u00e1 sendo investido. Destaca que a muitas pessoas no munic\u00edpio que d\u00e3o \u201ca cara a tapa\u201d pelo esporte que correm atr\u00e1s. E sentem falta de apoio do Poder Municipal.</p>\r\n<p>Apresenta que por falta de apoio do Mun\u00edcipio e pela burocracia exigida deixaram de realizar evento em Imbuia e estar\u00e3o realizando em Atalanta que de pronto atendeu o clamor do grupo.</p>\r\n<p>Ressalta que se haver uma forma de conseguir ir\u00e3o atr\u00e1s e buscar\u00e3o fazer o poss\u00edvel para poder conseguir o apoio e desta forma al\u00e9m de proporcionar o entretenimento a popula\u00e7\u00e3o, levar o nome do munic\u00edpio para outras cidades em competi\u00e7\u00f5es.</p>\r\n<p>Ao encerramento o Presidente marcou a Pr\u00f3xima Sess\u00e3o Ordin\u00e1ria para o dia 14 de fevereiro as 19 horas.</p>\r\n<p>Acesse a \u00edntegra da Sess\u00e3o <a href=\"https://www.youtube.com/watch?v=cp9ZLO5cm3g\">aqui.</a></p>\r\n<p>Curta e siga a P\u00e1gina da C\u00e2mara assim saber\u00e1 tudo que o ocorre no legislativo do Munic\u00edpio.</p>\r\n<p>\u00a0</p>", "author_name": "", "version": "1.0", "author_url": "https://www.imbuia.sc.leg.br/author/imb", "provider_name": "C\u00e2mara de Vereadores de Imbuia", "type": "rich"}